{"id":4242,"date":"2025-05-04T09:38:00","date_gmt":"2025-05-04T09:38:00","guid":{"rendered":"https:\/\/servizial.com\/comment-fabrique-t-on-une-vitrine-de-presentation-refrigeree-a-geneve-avec-servizial\/"},"modified":"2025-10-15T09:15:47","modified_gmt":"2025-10-15T09:15:47","slug":"comment-fabrique-t-on-une-vitrine-de-presentation-refrigeree-a-geneve-avec-servizial","status":"publish","type":"post","link":"https:\/\/servizial.com\/en\/comment-fabrique-t-on-une-vitrine-de-presentation-refrigeree-a-geneve-avec-servizial\/","title":{"rendered":"Comment fabrique-t-on une vitrine de pr\u00e9sentation r\u00e9frig\u00e9r\u00e9e \u00e0 Gen\u00e8ve avec Servizial ?"},"content":{"rendered":"<p>\u00c0 Gen\u00e8ve, la fabrication des <strong>vitrines de pr\u00e9sentation r\u00e9frig\u00e9r\u00e9es<\/strong> repose sur un savoir-faire artisanal alli\u00e9 \u00e0 une technologie de pointe. Au c\u0153ur de tout cela se trouve Servizial, notre entreprise d\u00e9di\u00e9e \u00e0 la cr\u00e9ation de <strong>mobilier professionnel<\/strong> pens\u00e9 pour r\u00e9pondre aux besoins sp\u00e9cifiques de chaque commerce. Que vous soyez propri\u00e9taire d&rsquo;un petit caf\u00e9 ou d&rsquo;une grande \u00e9picerie fine, d\u00e9couvrez comment nos solutions personnalisables transforment vos espaces de vente.<\/p>\n<h2>L&rsquo;importance d&rsquo;une vitrine r\u00e9frig\u00e9r\u00e9e dans l&rsquo;am\u00e9nagement de magasin<\/h2>\n<p>Dans le monde du commerce de d\u00e9tail, une <strong>vitrine r\u00e9frig\u00e9r\u00e9e<\/strong> n&rsquo;est pas qu&rsquo;un simple objet fonctionnel ; elle incarne aussi l&rsquo;image et le style que votre \u00e9tablissement souhaite imposer. \u00c0 Gen\u00e8ve, o\u00f9 chaque boutique cherche \u00e0 se d\u00e9marquer, l&rsquo;esth\u00e9tique de la vitrine joue un r\u00f4le crucial. Elle doit non seulement susciter l\u2019int\u00e9r\u00eat des clients mais \u00e9galement assurer la conservation optimale des produits frais expos\u00e9s.<\/p>\n<p>Chez Servizial, nous comprenons cette dualit\u00e9. Nos mod\u00e8les allient l\u2019\u00e9l\u00e9gance esth\u00e9tique au respect des normes sanitaires strictes. Le choix d&rsquo;un <strong>am\u00e9nagement magasin<\/strong> sophistiqu\u00e9 ne devrait jamais compromettre l&rsquo;int\u00e9grit\u00e9 des produits. Ainsi, nous concevons chaque vitrine sur mesure en tenant compte des exigences uniques de chaque client.<\/p>\n<h3>Les caract\u00e9ristiques essentielles d&rsquo;une vitrine performante<\/h3>\n<p>Une vitrine efficace doit remplir plusieurs crit\u00e8res pour garantir satisfaction et durabilit\u00e9. Tout d&rsquo;abord, l&rsquo;isolation thermique est primordiale pour maintenir les produits \u00e0 une temp\u00e9rature constante. Nous utilisons des <strong>mat\u00e9riaux de haute qualit\u00e9<\/strong> qui emp\u00eachent toute perte de chaleur, assurant ainsi une efficacit\u00e9 maximale.<\/p>\n<p>Ensuite, l&rsquo;\u00e9clairage rev\u00eat \u00e9galement une importance capitale. Un bon \u00e9clairage garde les produits attrayants sans affecter leur fra\u00eecheur. De plus, les options de personnalisation permettent d&rsquo;ajuster la luminosit\u00e9 selon les besoins de l&rsquo;exposition. Enfin, la surface utile de stockage est optimis\u00e9e gr\u00e2ce \u00e0 des \u00e9tag\u00e8res ajustables, id\u00e9ales pour sublimer chaque produit expos\u00e9.<\/p>\n<h2>Conception sur mesure : quand chaque d\u00e9tail compte<\/h2>\n<p>Chaque magasin poss\u00e8de sa propre identit\u00e9, et il est essentiel que la <strong>vitrine r\u00e9frig\u00e9r\u00e9e<\/strong> s&rsquo;int\u00e8gre harmonieusement \u00e0 cet environnement. C&rsquo;est pourquoi chez Servizial, la conception sur mesure fait partie de notre ADN. Chaque projet d\u00e9bute par une consultation d\u00e9taill\u00e9e afin de cerner parfaitement vos attentes.<\/p>\n<p>Notre \u00e9quipe de designers travaille en \u00e9troite collaboration avec vous pour cr\u00e9er des sch\u00e9mas personnalis\u00e9s, prenant en compte la disposition souhait\u00e9e, les contraintes spatiales, et l&rsquo;image de marque. En pla\u00e7ant vos besoins au centre de notre d\u00e9marche, nous forgeons du mobilier qui parle votre langage et s\u00e9duit votre public cible.<\/p>\n<h3>Les avantages d&rsquo;une fabrication locale \u00e0 Gen\u00e8ve<\/h3>\n<p>Optant pour une production locale bas\u00e9e \u00e0 Gen\u00e8ve, nous sommes en mesure de contr\u00f4ler rigoureusement tous les aspects de la cha\u00eene de fabrication de vos vitrines r\u00e9frig\u00e9r\u00e9es. Cela signifie des d\u00e9lais de livraison r\u00e9duits et une meilleure r\u00e9activit\u00e9 face aux demandes sp\u00e9cifiques.<\/p>\n<p>Cette proximit\u00e9 offre \u00e9galement une opportunit\u00e9 exceptionnelle : toucher, voir et sentir directement les produits avant de prendre une d\u00e9cision finale. Nos clients peuvent visiter notre atelier pour assister au processus de cr\u00e9ation, favorisant une exp\u00e9rience immersive et transparente.<\/p>\n<h2>Technologies et mat\u00e9riaux innovants pour des vitrines r\u00e9frig\u00e9r\u00e9es avanc\u00e9es<\/h2>\n<p>La technologie occupe une place pr\u00e9pond\u00e9rante dans le d\u00e9veloppement de vitrines modernes et performantes. Chez Servizial, notre recherche constante d&rsquo;innovation int\u00e8gre les derni\u00e8res avanc\u00e9es technologiques pour am\u00e9liorer la fonctionnalit\u00e9 et l&rsquo;efficacit\u00e9 de nos installations. Gr\u00e2ce \u00e0 cela, nous pouvons promettre un rendement \u00e9nerg\u00e9tique optimal tout en minimisant l&#8217;empreinte carbone.<\/p>\n<p>L&rsquo;utilisation de mat\u00e9riaux durables, comme le verre tremp\u00e9 pour une meilleure r\u00e9sistance, ou des panneaux composites pour une l\u00e9g\u00e8ret\u00e9 accrue, contribue \u00e9galement \u00e0 la long\u00e9vit\u00e9 de nos cr\u00e9ations. Ces choix strat\u00e9giques visent \u00e0 offrir des vitrines qui exc\u00e8dent vos attentes en termes de performance et de style.<\/p>\n<h3>La promesse d&rsquo;\u00e9l\u00e9gance et de qualit\u00e9 sign\u00e9e Servizial<\/h3>\n<p>Lorsque l&rsquo;on parle d&rsquo;\u00e9l\u00e9gance dans l\u2019am\u00e9nagement d\u2019un magasin, les <strong>vitrines verticales<\/strong> de Servizial sont incontestablement un ajout pr\u00e9cieux. Elles incarnent la qualit\u00e9 suisse tant pris\u00e9e qu\u2019elle soit visible dans les d\u00e9tails les plus fins comme dans les structures g\u00e9n\u00e9rales.<\/p>\n<p>Chaque \u00e9l\u00e9ment d\u00e9coratif est m\u00e9ticuleusement choisi pour rehausser l\u2019attrait visuel de votre espace tout en garantissant une exposition remarquable des produits. Que ce soit pour leur finition \u00e9l\u00e9gante ou leur capacit\u00e9 \u00e0 int\u00e9grer harmonieusement de nouvelles technologies, ces vitrines sont con\u00e7ues pour s\u00e9duire.<\/p>\n<h2>Pens\u00e9e \u00e9coresponsable et engagement local<\/h2>\n<p>Dans notre qu\u00eate pour un avenir durable, chaque d\u00e9tail compte, m\u00eame lorsque vous choisissez votre <strong>mobilier professionnel<\/strong>. \u00c0 cet effet, nous veillons \u00e0 adopter des pratiques commerciales durables, en collaborant avec des fournisseurs locaux et en optant pour des mat\u00e9riaux recyclables autant que faire se peut.<\/p>\n<p>Ainsi, en s\u00e9lectionnant Servizial, vous soutenez une approche \u00e9coresponsable tourn\u00e9e vers l&rsquo;avenir. Notre engagement en faveur de l&rsquo;environnement est parall\u00e8lement synonyme de rentabilit\u00e9 pour votre commerce, gr\u00e2ce \u00e0 une r\u00e9duction notable des co\u00fbts \u00e9nerg\u00e9tiques \u00e0 long terme.<\/p>\n<h3>Options de location et services compl\u00e9mentaires<\/h3>\n<p>Pour certains commerces, la flexibilit\u00e9 offerte par la <strong>location<\/strong> d\u2019\u00e9quipements plut\u00f4t que l&rsquo;achat peut repr\u00e9senter une alternative astucieuse et \u00e9conomique. Pour y r\u00e9pondre, nous proposons un service de location adaptable aux diff\u00e9rentes phases de croissance de votre entreprise.<\/p>\n<p>Tout en conservant la m\u00eame qualit\u00e9 et \u00e9l\u00e9gance que celle de nos vitrines \u00e0 la vente, cette solution assure la tranquillit\u00e9 d&rsquo;esprit gr\u00e2ce \u00e0 notre service apr\u00e8s-vente expert et r\u00e9actif. Dans cette optique, la <strong>livraison gratuite<\/strong> sera appr\u00e9ci\u00e9e, rendant cette option encore plus abordable et pratique.<\/p>\n<h2>Fid\u00e9liser ses clients gr\u00e2ce \u00e0 une pr\u00e9sentation soign\u00e9e<\/h2>\n<p>En fin de compte, le succ\u00e8s commercial r\u00e9side souvent dans la capacit\u00e9 \u00e0 captiver et conserver une client\u00e8le fid\u00e8le. Une vitrine bien pens\u00e9e devient alors le reflet direct de votre marque et un outil cl\u00e9 pour s\u00e9duire de nouveaux clients. Favorisez une premi\u00e8re impression m\u00e9morable gr\u00e2ce \u00e0 une vitrine permis sa silhouette raffin\u00e9e et ses fonctionnalit\u00e9s adapt\u00e9es.<\/p>\n<p>Au-del\u00e0 de son premier objectif, une vitrine r\u00e9frig\u00e9r\u00e9e aide \u00e0 raconter l\u2019histoire de votre \u00e9tablissement, mettant en sc\u00e8ne vos produits avec go\u00fbt et talent. Offrez \u00e0 votre client\u00e8le une exp\u00e9rience visuelle unique qui saura inspirer la confiance tout en stimulant vos ventes.<\/p>","protected":false},"excerpt":{"rendered":"<p>\u00c0 Gen\u00e8ve, la fabrication des vitrines de pr\u00e9sentation r\u00e9frig\u00e9r\u00e9es repose sur un savoir-faire artisanal alli\u00e9 \u00e0 une technologie de pointe. Au c\u0153ur de tout cela se trouve Servizial, notre entreprise d\u00e9di\u00e9e \u00e0 la cr\u00e9ation de mobilier professionnel pens\u00e9 pour r\u00e9pondre aux besoins sp\u00e9cifiques de chaque commerce. Que vous soyez propri\u00e9taire d&rsquo;un petit caf\u00e9 ou d&rsquo;une [&hellip;]<\/p>","protected":false},"author":2,"featured_media":0,"comment_status":"open","ping_status":"open","sticky":false,"template":"","format":"standard","meta":{"_acf_changed":false,"inline_featured_image":false,"footnotes":""},"categories":[62],"tags":[],"class_list":["post-4242","post","type-post","status-publish","format-standard","hentry","category-mobilier-haut-de-gamme-et-sur-mesure-geneve"],"acf":[],"yoast_head":"<!-- This site is optimized with the Yoast SEO plugin v26.6 - https:\/\/yoast.com\/wordpress\/plugins\/seo\/ -->\n<title>Comment fabrique-t-on une vitrine de pr\u00e9sentation r\u00e9frig\u00e9r\u00e9e \u00e0 Gen\u00e8ve avec Servizial ? - Servizial<\/title>\n<meta name=\"robots\" content=\"index, follow, max-snippet:-1, max-image-preview:large, max-video-preview:-1\" \/>\n<link rel=\"canonical\" href=\"https:\/\/servizial.com\/en\/comment-fabrique-t-on-une-vitrine-de-presentation-refrigeree-a-geneve-avec-servizial\/\" \/>\n<meta property=\"og:locale\" content=\"en_GB\" \/>\n<meta property=\"og:type\" content=\"article\" \/>\n<meta property=\"og:title\" content=\"Comment fabrique-t-on une vitrine de pr\u00e9sentation r\u00e9frig\u00e9r\u00e9e \u00e0 Gen\u00e8ve avec Servizial ? - Servizial\" \/>\n<meta property=\"og:description\" content=\"\u00c0 Gen\u00e8ve, la fabrication des vitrines de pr\u00e9sentation r\u00e9frig\u00e9r\u00e9es repose sur un savoir-faire artisanal alli\u00e9 \u00e0 une technologie de pointe. Au c\u0153ur de tout cela se trouve Servizial, notre entreprise d\u00e9di\u00e9e \u00e0 la cr\u00e9ation de mobilier professionnel pens\u00e9 pour r\u00e9pondre aux besoins sp\u00e9cifiques de chaque commerce. Que vous soyez propri\u00e9taire d&rsquo;un petit caf\u00e9 ou d&rsquo;une [&hellip;]\" \/>\n<meta property=\"og:url\" content=\"https:\/\/servizial.com\/en\/comment-fabrique-t-on-une-vitrine-de-presentation-refrigeree-a-geneve-avec-servizial\/\" \/>\n<meta property=\"og:site_name\" content=\"Servizial\" \/>\n<meta property=\"article:published_time\" content=\"2025-05-04T09:38:00+00:00\" \/>\n<meta property=\"article:modified_time\" content=\"2025-10-15T09:15:47+00:00\" \/>\n<meta name=\"author\" content=\"ederic_pod\" \/>\n<meta name=\"twitter:card\" content=\"summary_large_image\" \/>\n<meta name=\"twitter:label1\" content=\"Written by\" \/>\n\t<meta name=\"twitter:data1\" content=\"ederic_pod\" \/>\n\t<meta name=\"twitter:label2\" content=\"Estimated reading time\" \/>\n\t<meta name=\"twitter:data2\" content=\"6 minutes\" \/>\n<script type=\"application\/ld+json\" class=\"yoast-schema-graph\">{\"@context\":\"https:\/\/schema.org\",\"@graph\":[{\"@type\":\"Article\",\"@id\":\"https:\/\/servizial.com\/comment-fabrique-t-on-une-vitrine-de-presentation-refrigeree-a-geneve-avec-servizial\/#article\",\"isPartOf\":{\"@id\":\"https:\/\/servizial.com\/comment-fabrique-t-on-une-vitrine-de-presentation-refrigeree-a-geneve-avec-servizial\/\"},\"author\":{\"name\":\"ederic_pod\",\"@id\":\"https:\/\/servizial.com\/#\/schema\/person\/0af5db9e3948bd845f1d335e5444d001\"},\"headline\":\"Comment fabrique-t-on une vitrine de pr\u00e9sentation r\u00e9frig\u00e9r\u00e9e \u00e0 Gen\u00e8ve avec Servizial ?\",\"datePublished\":\"2025-05-04T09:38:00+00:00\",\"dateModified\":\"2025-10-15T09:15:47+00:00\",\"mainEntityOfPage\":{\"@id\":\"https:\/\/servizial.com\/comment-fabrique-t-on-une-vitrine-de-presentation-refrigeree-a-geneve-avec-servizial\/\"},\"wordCount\":1146,\"commentCount\":0,\"publisher\":{\"@id\":\"https:\/\/servizial.com\/#organization\"},\"articleSection\":[\"Gen\u00e8ve\"],\"inLanguage\":\"en-GB\",\"potentialAction\":[{\"@type\":\"CommentAction\",\"name\":\"Comment\",\"target\":[\"https:\/\/servizial.com\/comment-fabrique-t-on-une-vitrine-de-presentation-refrigeree-a-geneve-avec-servizial\/#respond\"]}]},{\"@type\":\"WebPage\",\"@id\":\"https:\/\/servizial.com\/comment-fabrique-t-on-une-vitrine-de-presentation-refrigeree-a-geneve-avec-servizial\/\",\"url\":\"https:\/\/servizial.com\/comment-fabrique-t-on-une-vitrine-de-presentation-refrigeree-a-geneve-avec-servizial\/\",\"name\":\"Comment fabrique-t-on une vitrine de pr\u00e9sentation r\u00e9frig\u00e9r\u00e9e \u00e0 Gen\u00e8ve avec Servizial ? - Servizial\",\"isPartOf\":{\"@id\":\"https:\/\/servizial.com\/#website\"},\"datePublished\":\"2025-05-04T09:38:00+00:00\",\"dateModified\":\"2025-10-15T09:15:47+00:00\",\"breadcrumb\":{\"@id\":\"https:\/\/servizial.com\/comment-fabrique-t-on-une-vitrine-de-presentation-refrigeree-a-geneve-avec-servizial\/#breadcrumb\"},\"inLanguage\":\"en-GB\",\"potentialAction\":[{\"@type\":\"ReadAction\",\"target\":[\"https:\/\/servizial.com\/comment-fabrique-t-on-une-vitrine-de-presentation-refrigeree-a-geneve-avec-servizial\/\"]}]},{\"@type\":\"BreadcrumbList\",\"@id\":\"https:\/\/servizial.com\/comment-fabrique-t-on-une-vitrine-de-presentation-refrigeree-a-geneve-avec-servizial\/#breadcrumb\",\"itemListElement\":[{\"@type\":\"ListItem\",\"position\":1,\"name\":\"Accueil\",\"item\":\"https:\/\/servizial.com\/\"},{\"@type\":\"ListItem\",\"position\":2,\"name\":\"Comment fabrique-t-on une vitrine de pr\u00e9sentation r\u00e9frig\u00e9r\u00e9e \u00e0 Gen\u00e8ve avec Servizial ?\"}]},{\"@type\":\"WebSite\",\"@id\":\"https:\/\/servizial.com\/#website\",\"url\":\"https:\/\/servizial.com\/\",\"name\":\"Servizial\",\"description\":\"\",\"publisher\":{\"@id\":\"https:\/\/servizial.com\/#organization\"},\"potentialAction\":[{\"@type\":\"SearchAction\",\"target\":{\"@type\":\"EntryPoint\",\"urlTemplate\":\"https:\/\/servizial.com\/?s={search_term_string}\"},\"query-input\":{\"@type\":\"PropertyValueSpecification\",\"valueRequired\":true,\"valueName\":\"search_term_string\"}}],\"inLanguage\":\"en-GB\"},{\"@type\":\"Organization\",\"@id\":\"https:\/\/servizial.com\/#organization\",\"name\":\"Servizial\",\"url\":\"https:\/\/servizial.com\/\",\"logo\":{\"@type\":\"ImageObject\",\"inLanguage\":\"en-GB\",\"@id\":\"https:\/\/servizial.com\/#\/schema\/logo\/image\/\",\"url\":\"https:\/\/servizial.com\/wp-content\/uploads\/2024\/12\/image-1.svg\",\"contentUrl\":\"https:\/\/servizial.com\/wp-content\/uploads\/2024\/12\/image-1.svg\",\"width\":300,\"height\":72,\"caption\":\"Servizial\"},\"image\":{\"@id\":\"https:\/\/servizial.com\/#\/schema\/logo\/image\/\"}},{\"@type\":\"Person\",\"@id\":\"https:\/\/servizial.com\/#\/schema\/person\/0af5db9e3948bd845f1d335e5444d001\",\"name\":\"ederic_pod\",\"image\":{\"@type\":\"ImageObject\",\"inLanguage\":\"en-GB\",\"@id\":\"https:\/\/servizial.com\/#\/schema\/person\/image\/\",\"url\":\"https:\/\/secure.gravatar.com\/avatar\/c517492977735154a03259bc4c6c2a3d0651511a0357e12576d485ed913eb7d1?s=96&d=mm&r=g\",\"contentUrl\":\"https:\/\/secure.gravatar.com\/avatar\/c517492977735154a03259bc4c6c2a3d0651511a0357e12576d485ed913eb7d1?s=96&d=mm&r=g\",\"caption\":\"ederic_pod\"},\"url\":\"https:\/\/servizial.com\/en\/author\/ederic_pod\/\"}]}<\/script>\n<!-- \/ Yoast SEO plugin. -->","yoast_head_json":{"title":"Comment fabrique-t-on une vitrine de pr\u00e9sentation r\u00e9frig\u00e9r\u00e9e \u00e0 Gen\u00e8ve avec Servizial ? - Servizial","robots":{"index":"index","follow":"follow","max-snippet":"max-snippet:-1","max-image-preview":"max-image-preview:large","max-video-preview":"max-video-preview:-1"},"canonical":"https:\/\/servizial.com\/en\/comment-fabrique-t-on-une-vitrine-de-presentation-refrigeree-a-geneve-avec-servizial\/","og_locale":"en_GB","og_type":"article","og_title":"Comment fabrique-t-on une vitrine de pr\u00e9sentation r\u00e9frig\u00e9r\u00e9e \u00e0 Gen\u00e8ve avec Servizial ? - Servizial","og_description":"\u00c0 Gen\u00e8ve, la fabrication des vitrines de pr\u00e9sentation r\u00e9frig\u00e9r\u00e9es repose sur un savoir-faire artisanal alli\u00e9 \u00e0 une technologie de pointe. Au c\u0153ur de tout cela se trouve Servizial, notre entreprise d\u00e9di\u00e9e \u00e0 la cr\u00e9ation de mobilier professionnel pens\u00e9 pour r\u00e9pondre aux besoins sp\u00e9cifiques de chaque commerce. Que vous soyez propri\u00e9taire d&rsquo;un petit caf\u00e9 ou d&rsquo;une [&hellip;]","og_url":"https:\/\/servizial.com\/en\/comment-fabrique-t-on-une-vitrine-de-presentation-refrigeree-a-geneve-avec-servizial\/","og_site_name":"Servizial","article_published_time":"2025-05-04T09:38:00+00:00","article_modified_time":"2025-10-15T09:15:47+00:00","author":"ederic_pod","twitter_card":"summary_large_image","twitter_misc":{"Written by":"ederic_pod","Estimated reading time":"6 minutes"},"schema":{"@context":"https:\/\/schema.org","@graph":[{"@type":"Article","@id":"https:\/\/servizial.com\/comment-fabrique-t-on-une-vitrine-de-presentation-refrigeree-a-geneve-avec-servizial\/#article","isPartOf":{"@id":"https:\/\/servizial.com\/comment-fabrique-t-on-une-vitrine-de-presentation-refrigeree-a-geneve-avec-servizial\/"},"author":{"name":"ederic_pod","@id":"https:\/\/servizial.com\/#\/schema\/person\/0af5db9e3948bd845f1d335e5444d001"},"headline":"Comment fabrique-t-on une vitrine de pr\u00e9sentation r\u00e9frig\u00e9r\u00e9e \u00e0 Gen\u00e8ve avec Servizial ?","datePublished":"2025-05-04T09:38:00+00:00","dateModified":"2025-10-15T09:15:47+00:00","mainEntityOfPage":{"@id":"https:\/\/servizial.com\/comment-fabrique-t-on-une-vitrine-de-presentation-refrigeree-a-geneve-avec-servizial\/"},"wordCount":1146,"commentCount":0,"publisher":{"@id":"https:\/\/servizial.com\/#organization"},"articleSection":["Gen\u00e8ve"],"inLanguage":"en-GB","potentialAction":[{"@type":"CommentAction","name":"Comment","target":["https:\/\/servizial.com\/comment-fabrique-t-on-une-vitrine-de-presentation-refrigeree-a-geneve-avec-servizial\/#respond"]}]},{"@type":"WebPage","@id":"https:\/\/servizial.com\/comment-fabrique-t-on-une-vitrine-de-presentation-refrigeree-a-geneve-avec-servizial\/","url":"https:\/\/servizial.com\/comment-fabrique-t-on-une-vitrine-de-presentation-refrigeree-a-geneve-avec-servizial\/","name":"Comment fabrique-t-on une vitrine de pr\u00e9sentation r\u00e9frig\u00e9r\u00e9e \u00e0 Gen\u00e8ve avec Servizial ? - Servizial","isPartOf":{"@id":"https:\/\/servizial.com\/#website"},"datePublished":"2025-05-04T09:38:00+00:00","dateModified":"2025-10-15T09:15:47+00:00","breadcrumb":{"@id":"https:\/\/servizial.com\/comment-fabrique-t-on-une-vitrine-de-presentation-refrigeree-a-geneve-avec-servizial\/#breadcrumb"},"inLanguage":"en-GB","potentialAction":[{"@type":"ReadAction","target":["https:\/\/servizial.com\/comment-fabrique-t-on-une-vitrine-de-presentation-refrigeree-a-geneve-avec-servizial\/"]}]},{"@type":"BreadcrumbList","@id":"https:\/\/servizial.com\/comment-fabrique-t-on-une-vitrine-de-presentation-refrigeree-a-geneve-avec-servizial\/#breadcrumb","itemListElement":[{"@type":"ListItem","position":1,"name":"Accueil","item":"https:\/\/servizial.com\/"},{"@type":"ListItem","position":2,"name":"Comment fabrique-t-on une vitrine de pr\u00e9sentation r\u00e9frig\u00e9r\u00e9e \u00e0 Gen\u00e8ve avec Servizial ?"}]},{"@type":"WebSite","@id":"https:\/\/servizial.com\/#website","url":"https:\/\/servizial.com\/","name":"Servizial","description":"","publisher":{"@id":"https:\/\/servizial.com\/#organization"},"potentialAction":[{"@type":"SearchAction","target":{"@type":"EntryPoint","urlTemplate":"https:\/\/servizial.com\/?s={search_term_string}"},"query-input":{"@type":"PropertyValueSpecification","valueRequired":true,"valueName":"search_term_string"}}],"inLanguage":"en-GB"},{"@type":"Organization","@id":"https:\/\/servizial.com\/#organization","name":"Servizial","url":"https:\/\/servizial.com\/","logo":{"@type":"ImageObject","inLanguage":"en-GB","@id":"https:\/\/servizial.com\/#\/schema\/logo\/image\/","url":"https:\/\/servizial.com\/wp-content\/uploads\/2024\/12\/image-1.svg","contentUrl":"https:\/\/servizial.com\/wp-content\/uploads\/2024\/12\/image-1.svg","width":300,"height":72,"caption":"Servizial"},"image":{"@id":"https:\/\/servizial.com\/#\/schema\/logo\/image\/"}},{"@type":"Person","@id":"https:\/\/servizial.com\/#\/schema\/person\/0af5db9e3948bd845f1d335e5444d001","name":"ederic_pod","image":{"@type":"ImageObject","inLanguage":"en-GB","@id":"https:\/\/servizial.com\/#\/schema\/person\/image\/","url":"https:\/\/secure.gravatar.com\/avatar\/c517492977735154a03259bc4c6c2a3d0651511a0357e12576d485ed913eb7d1?s=96&d=mm&r=g","contentUrl":"https:\/\/secure.gravatar.com\/avatar\/c517492977735154a03259bc4c6c2a3d0651511a0357e12576d485ed913eb7d1?s=96&d=mm&r=g","caption":"ederic_pod"},"url":"https:\/\/servizial.com\/en\/author\/ederic_pod\/"}]}},"_links":{"self":[{"href":"https:\/\/servizial.com\/en\/wp-json\/wp\/v2\/posts\/4242","targetHints":{"allow":["GET"]}}],"collection":[{"href":"https:\/\/servizial.com\/en\/wp-json\/wp\/v2\/posts"}],"about":[{"href":"https:\/\/servizial.com\/en\/wp-json\/wp\/v2\/types\/post"}],"author":[{"embeddable":true,"href":"https:\/\/servizial.com\/en\/wp-json\/wp\/v2\/users\/2"}],"replies":[{"embeddable":true,"href":"https:\/\/servizial.com\/en\/wp-json\/wp\/v2\/comments?post=4242"}],"version-history":[{"count":1,"href":"https:\/\/servizial.com\/en\/wp-json\/wp\/v2\/posts\/4242\/revisions"}],"predecessor-version":[{"id":4243,"href":"https:\/\/servizial.com\/en\/wp-json\/wp\/v2\/posts\/4242\/revisions\/4243"}],"wp:attachment":[{"href":"https:\/\/servizial.com\/en\/wp-json\/wp\/v2\/media?parent=4242"}],"wp:term":[{"taxonomy":"category","embeddable":true,"href":"https:\/\/servizial.com\/en\/wp-json\/wp\/v2\/categories?post=4242"},{"taxonomy":"post_tag","embeddable":true,"href":"https:\/\/servizial.com\/en\/wp-json\/wp\/v2\/tags?post=4242"}],"curies":[{"name":"wp","href":"https:\/\/api.w.org\/{rel}","templated":true}]}}