{"id":4244,"date":"2025-07-16T14:39:00","date_gmt":"2025-07-16T14:39:00","guid":{"rendered":"https:\/\/servizial.com\/la-fabrication-de-vitrine-refrigeree-a-monaco-avec-servizial\/"},"modified":"2025-10-15T09:16:11","modified_gmt":"2025-10-15T09:16:11","slug":"la-fabrication-de-vitrine-refrigeree-a-monaco-avec-servizial","status":"publish","type":"post","link":"https:\/\/servizial.com\/en\/la-fabrication-de-vitrine-refrigeree-a-monaco-avec-servizial\/","title":{"rendered":"La Fabrication de Vitrine R\u00e9frig\u00e9r\u00e9e \u00e0 Monaco Avec Servizial"},"content":{"rendered":"<p>Nich\u00e9 au c\u0153ur de l&rsquo;\u00e9l\u00e9gance mon\u00e9gasque, Servizial se distingue dans le domaine du <strong>mobilier professionnel<\/strong>. Notre engagement envers la perfection et le <strong>service raffin\u00e9<\/strong> se manifeste dans chaque projet que nous entreprenons. La <strong>vitrine r\u00e9frig\u00e9r\u00e9e<\/strong> n&rsquo;\u00e9chappe pas \u00e0 cette r\u00e8gle, offrant non seulement une fonctionnalit\u00e9 exceptionnelle, mais aussi un <strong>design \u00e9l\u00e9gant<\/strong> qui s&rsquo;int\u00e8gre harmonieusement dans tout espace.<\/p>\n<h2>Un concepteur et fabricant \u00e0 la hauteur des exigences mon\u00e9gasques<\/h2>\n<p>\u00c0 Monaco, o\u00f9 le luxe est roi, chaque d\u00e9tail compte. Chez Servizial, nous avons saisi l&rsquo;importance d&rsquo;offrir un produit qui se d\u00e9marque par un <strong>agencement vitrine<\/strong> irr\u00e9prochable. Chaque <strong>vitrine r\u00e9frig\u00e9r\u00e9e<\/strong> est issue d&rsquo;une <strong>fabrication sur-mesure<\/strong>, con\u00e7ue pour r\u00e9pondre aux besoins sp\u00e9cifiques de chaque client.<\/p>\n<p>Notre \u00e9quipe d&rsquo;experts travaille en \u00e9troite collaboration avec vous pour r\u00e9aliser une vitrine qui refl\u00e8te parfaitement votre image de marque. La <strong>temp\u00e9rature contr\u00f4l\u00e9e<\/strong> de nos vitrines assure une parfaite harmonie entre style et fonctionnalit\u00e9, garantissant ainsi que vos produits soient conserv\u00e9s dans des conditions id\u00e9ales.<\/p>\n<h3>Le processus de fabrication sur-mesure<\/h3>\n<p>\u00c0 Monaco, la cr\u00e9ation de meubles professionnels rev\u00eat une importance capitale. Nous commen\u00e7ons par d\u00e9terminer les sp\u00e9cifications exactes souhait\u00e9es par le client. Qu&rsquo;il s&rsquo;agisse d&rsquo;une <strong>vitrine horizontale<\/strong> ou <strong>verticale<\/strong>, chaque \u00e9l\u00e9ment est soigneusement analys\u00e9 pour garantir une coh\u00e9rence parfaite avec l&rsquo;environnement o\u00f9 elle sera install\u00e9e.<\/p>\n<p>Une fois les plans finalis\u00e9s, notre atelier d\u00e9ploie son savoir-faire technique pour donner vie \u00e0 chaque id\u00e9e. Les mat\u00e9riaux de haute qualit\u00e9 sont choisis avec soin pour associer robustesse et esth\u00e9tique. Le souci du d\u00e9tail lors de l&rsquo;assemblage garantit non seulement une finition pr\u00e9cise, mais renforce \u00e9galement la durabilit\u00e9 de la pi\u00e8ce finie.<\/p>\n<h2>Pourquoi choisir une vitrine d&rsquo;exposition Servizial?<\/h2>\n<p>Opter pour une <strong>vitrine d&rsquo;exposition<\/strong> sign\u00e9e Servizial, c&rsquo;est investir dans la p\u00e9rennit\u00e9 et l&rsquo;\u00e9l\u00e9gance. Nos cr\u00e9ations sur mesure ne se contentent pas de respecter les standards industriels; elles les red\u00e9finissent. Chaque vitrine, qu&rsquo;elle soit <strong>verticale<\/strong> ou horizontale, devient une \u0153uvre d&rsquo;art sublimant les produits qu&rsquo;elle expose.<\/p>\n<p>Parmi les nombreux avantages de choisir nos services, citons notre capacit\u00e9 \u00e0 innover selon les tendances du march\u00e9 sans jamais compromettre la qualit\u00e9. De plus, notre engagement envers des pratiques durables met en valeur non seulement vos articles, mais \u00e9galement notre responsabilit\u00e9 environnementale.<\/p>\n<h3>La temp\u00e9rature contr\u00f4l\u00e9e : un aspect indispensable<\/h3>\n<p>L&rsquo;un des aspects essentiels de la conception de vitrines r\u00e9frig\u00e9r\u00e9es est le maintien d&rsquo;une temp\u00e9rature constante. Gr\u00e2ce \u00e0 notre technologie avanc\u00e9e, nous garantissons que nos vitrines maintiennent une temp\u00e9rature ad\u00e9quate en toute circonstance. Ainsi, peu importe ce que vous souhaitez exposer, vos produits resteront frais et attrayants.<\/p>\n<p>Nos syst\u00e8mes de contr\u00f4le thermique automatiques supervisent en continu l\u2019environnement interne, assurant tranquillit\u00e9 d&rsquo;esprit tant pour vous que pour vos clients. Que vous pr\u00e9sentiez des p\u00e2tisseries d\u00e9licates ou des produits exclusifs, faites confiance \u00e0 notre expertise.<\/p>\n<h2>Design \u00e9l\u00e9gant et fonctionnalit\u00e9 imbattable<\/h2>\n<p>L\u2019esth\u00e9tique joue un r\u00f4le fondamental lorsque vient le temps d&rsquo;int\u00e9grer un mobilier professionnel \u00e0 Monaco. Servizial excelle dans l&rsquo;art subtil d&rsquo;\u00e9quilibrer allure visuelle et efficacit\u00e9 pratique. <\/p>\n<p>En collaborant \u00e9troitement avec vous pour int\u00e9grer tous les aspects requis\u2014mat\u00e9riaux, couleurs et tailles\u2014nos experts veillent \u00e0 ce que chaque pi\u00e8ce fabriqu\u00e9e allie beaut\u00e9 intemporelle et adaptabilit\u00e9 moderne. Ainsi, nos vitrines s&rsquo;av\u00e8rent \u00eatre des atouts majeurs au sein m\u00eame du d\u00e9cor commercial, contribuant directement au succ\u00e8s retentissant rencontr\u00e9 par certains \u00e9tablissements ici-m\u00eame !<\/p>\n<h3>Service raffin\u00e9 tout au long de votre exp\u00e9rience<\/h3>\n<p>D\u00e8s le premier contact jusqu&rsquo;\u00e0 la finalisation du projet, Servizial promet un <strong>service raffin\u00e9<\/strong> qui s&rsquo;\u00e9tend sur l&rsquo;ensemble de votre parcours client, y compris un solide support apr\u00e8s-vente.<\/p>\n<p>Nous mettons un accent particulier sur la transparence et le dialogue ouvert pour fluidifier les interactions et optimiser les r\u00e9sultats. C&rsquo;est une nouvelle dimension de satisfaction que nous franchissons ensemble \u00e0 chaque \u00e9tape.<\/p>\n<h2>Innovation et technologie environnementale avant-garde<\/h2>\n<p>Embrasser l&rsquo;innovation signifie jouer un r\u00f4le dynamique dans une r\u00e9alit\u00e9 changeante o\u00f9 l&rsquo;impact \u00e9cologique est crucial. En int\u00e9grant des technologies r\u00e9duisant notre empreinte carbone, nous maximisons la conservation d&rsquo;\u00e9nergie dans chaque pi\u00e8ce que nous fabriquons.<\/p>\n<p>En adoptant des techniques respectueuses de l&rsquo;environnement naturel, nous construisons aujourd\u2019hui des bases solides pour demain. Cela cr\u00e9e des liens indissolubles entre nature et prosp\u00e9rit\u00e9 pour toutes les entreprises collaborant avec nous, menant \u00e0 un succ\u00e8s exemplaire dans leurs futurs d\u00e9ploiements.<\/p>","protected":false},"excerpt":{"rendered":"<p>Nich\u00e9 au c\u0153ur de l&rsquo;\u00e9l\u00e9gance mon\u00e9gasque, Servizial se distingue dans le domaine du mobilier professionnel. Notre engagement envers la perfection et le service raffin\u00e9 se manifeste dans chaque projet que nous entreprenons. La vitrine r\u00e9frig\u00e9r\u00e9e n&rsquo;\u00e9chappe pas \u00e0 cette r\u00e8gle, offrant non seulement une fonctionnalit\u00e9 exceptionnelle, mais aussi un design \u00e9l\u00e9gant qui s&rsquo;int\u00e8gre harmonieusement dans [&hellip;]<\/p>","protected":false},"author":2,"featured_media":0,"comment_status":"open","ping_status":"open","sticky":false,"template":"","format":"standard","meta":{"_acf_changed":false,"inline_featured_image":false,"footnotes":""},"categories":[59],"tags":[],"class_list":["post-4244","post","type-post","status-publish","format-standard","hentry","category-mobilier-haut-de-gamme-et-sur-mesure-monaco"],"acf":[],"yoast_head":"<!-- This site is optimized with the Yoast SEO plugin v26.6 - https:\/\/yoast.com\/wordpress\/plugins\/seo\/ -->\n<title>La Fabrication de Vitrine R\u00e9frig\u00e9r\u00e9e \u00e0 Monaco Avec Servizial - Servizial<\/title>\n<meta name=\"robots\" content=\"index, follow, max-snippet:-1, max-image-preview:large, max-video-preview:-1\" \/>\n<link rel=\"canonical\" href=\"https:\/\/servizial.com\/en\/la-fabrication-de-vitrine-refrigeree-a-monaco-avec-servizial\/\" \/>\n<meta property=\"og:locale\" content=\"en_GB\" \/>\n<meta property=\"og:type\" content=\"article\" \/>\n<meta property=\"og:title\" content=\"La Fabrication de Vitrine R\u00e9frig\u00e9r\u00e9e \u00e0 Monaco Avec Servizial - Servizial\" \/>\n<meta property=\"og:description\" content=\"Nich\u00e9 au c\u0153ur de l&rsquo;\u00e9l\u00e9gance mon\u00e9gasque, Servizial se distingue dans le domaine du mobilier professionnel. Notre engagement envers la perfection et le service raffin\u00e9 se manifeste dans chaque projet que nous entreprenons. La vitrine r\u00e9frig\u00e9r\u00e9e n&rsquo;\u00e9chappe pas \u00e0 cette r\u00e8gle, offrant non seulement une fonctionnalit\u00e9 exceptionnelle, mais aussi un design \u00e9l\u00e9gant qui s&rsquo;int\u00e8gre harmonieusement dans [&hellip;]\" \/>\n<meta property=\"og:url\" content=\"https:\/\/servizial.com\/en\/la-fabrication-de-vitrine-refrigeree-a-monaco-avec-servizial\/\" \/>\n<meta property=\"og:site_name\" content=\"Servizial\" \/>\n<meta property=\"article:published_time\" content=\"2025-07-16T14:39:00+00:00\" \/>\n<meta property=\"article:modified_time\" content=\"2025-10-15T09:16:11+00:00\" \/>\n<meta name=\"author\" content=\"ederic_pod\" \/>\n<meta name=\"twitter:card\" content=\"summary_large_image\" \/>\n<meta name=\"twitter:label1\" content=\"Written by\" \/>\n\t<meta name=\"twitter:data1\" content=\"ederic_pod\" \/>\n\t<meta name=\"twitter:label2\" content=\"Estimated reading time\" \/>\n\t<meta name=\"twitter:data2\" content=\"4 minutes\" \/>\n<script type=\"application\/ld+json\" class=\"yoast-schema-graph\">{\"@context\":\"https:\/\/schema.org\",\"@graph\":[{\"@type\":\"Article\",\"@id\":\"https:\/\/servizial.com\/la-fabrication-de-vitrine-refrigeree-a-monaco-avec-servizial\/#article\",\"isPartOf\":{\"@id\":\"https:\/\/servizial.com\/la-fabrication-de-vitrine-refrigeree-a-monaco-avec-servizial\/\"},\"author\":{\"name\":\"ederic_pod\",\"@id\":\"https:\/\/servizial.com\/#\/schema\/person\/0af5db9e3948bd845f1d335e5444d001\"},\"headline\":\"La Fabrication de Vitrine R\u00e9frig\u00e9r\u00e9e \u00e0 Monaco Avec Servizial\",\"datePublished\":\"2025-07-16T14:39:00+00:00\",\"dateModified\":\"2025-10-15T09:16:11+00:00\",\"mainEntityOfPage\":{\"@id\":\"https:\/\/servizial.com\/la-fabrication-de-vitrine-refrigeree-a-monaco-avec-servizial\/\"},\"wordCount\":803,\"commentCount\":0,\"publisher\":{\"@id\":\"https:\/\/servizial.com\/#organization\"},\"articleSection\":[\"Monaco\"],\"inLanguage\":\"en-GB\",\"potentialAction\":[{\"@type\":\"CommentAction\",\"name\":\"Comment\",\"target\":[\"https:\/\/servizial.com\/la-fabrication-de-vitrine-refrigeree-a-monaco-avec-servizial\/#respond\"]}]},{\"@type\":\"WebPage\",\"@id\":\"https:\/\/servizial.com\/la-fabrication-de-vitrine-refrigeree-a-monaco-avec-servizial\/\",\"url\":\"https:\/\/servizial.com\/la-fabrication-de-vitrine-refrigeree-a-monaco-avec-servizial\/\",\"name\":\"La Fabrication de Vitrine R\u00e9frig\u00e9r\u00e9e \u00e0 Monaco Avec Servizial - Servizial\",\"isPartOf\":{\"@id\":\"https:\/\/servizial.com\/#website\"},\"datePublished\":\"2025-07-16T14:39:00+00:00\",\"dateModified\":\"2025-10-15T09:16:11+00:00\",\"breadcrumb\":{\"@id\":\"https:\/\/servizial.com\/la-fabrication-de-vitrine-refrigeree-a-monaco-avec-servizial\/#breadcrumb\"},\"inLanguage\":\"en-GB\",\"potentialAction\":[{\"@type\":\"ReadAction\",\"target\":[\"https:\/\/servizial.com\/la-fabrication-de-vitrine-refrigeree-a-monaco-avec-servizial\/\"]}]},{\"@type\":\"BreadcrumbList\",\"@id\":\"https:\/\/servizial.com\/la-fabrication-de-vitrine-refrigeree-a-monaco-avec-servizial\/#breadcrumb\",\"itemListElement\":[{\"@type\":\"ListItem\",\"position\":1,\"name\":\"Accueil\",\"item\":\"https:\/\/servizial.com\/\"},{\"@type\":\"ListItem\",\"position\":2,\"name\":\"La Fabrication de Vitrine R\u00e9frig\u00e9r\u00e9e \u00e0 Monaco Avec Servizial\"}]},{\"@type\":\"WebSite\",\"@id\":\"https:\/\/servizial.com\/#website\",\"url\":\"https:\/\/servizial.com\/\",\"name\":\"Servizial\",\"description\":\"\",\"publisher\":{\"@id\":\"https:\/\/servizial.com\/#organization\"},\"potentialAction\":[{\"@type\":\"SearchAction\",\"target\":{\"@type\":\"EntryPoint\",\"urlTemplate\":\"https:\/\/servizial.com\/?s={search_term_string}\"},\"query-input\":{\"@type\":\"PropertyValueSpecification\",\"valueRequired\":true,\"valueName\":\"search_term_string\"}}],\"inLanguage\":\"en-GB\"},{\"@type\":\"Organization\",\"@id\":\"https:\/\/servizial.com\/#organization\",\"name\":\"Servizial\",\"url\":\"https:\/\/servizial.com\/\",\"logo\":{\"@type\":\"ImageObject\",\"inLanguage\":\"en-GB\",\"@id\":\"https:\/\/servizial.com\/#\/schema\/logo\/image\/\",\"url\":\"https:\/\/servizial.com\/wp-content\/uploads\/2024\/12\/image-1.svg\",\"contentUrl\":\"https:\/\/servizial.com\/wp-content\/uploads\/2024\/12\/image-1.svg\",\"width\":300,\"height\":72,\"caption\":\"Servizial\"},\"image\":{\"@id\":\"https:\/\/servizial.com\/#\/schema\/logo\/image\/\"}},{\"@type\":\"Person\",\"@id\":\"https:\/\/servizial.com\/#\/schema\/person\/0af5db9e3948bd845f1d335e5444d001\",\"name\":\"ederic_pod\",\"image\":{\"@type\":\"ImageObject\",\"inLanguage\":\"en-GB\",\"@id\":\"https:\/\/servizial.com\/#\/schema\/person\/image\/\",\"url\":\"https:\/\/secure.gravatar.com\/avatar\/c517492977735154a03259bc4c6c2a3d0651511a0357e12576d485ed913eb7d1?s=96&d=mm&r=g\",\"contentUrl\":\"https:\/\/secure.gravatar.com\/avatar\/c517492977735154a03259bc4c6c2a3d0651511a0357e12576d485ed913eb7d1?s=96&d=mm&r=g\",\"caption\":\"ederic_pod\"},\"url\":\"https:\/\/servizial.com\/en\/author\/ederic_pod\/\"}]}<\/script>\n<!-- \/ Yoast SEO plugin. -->","yoast_head_json":{"title":"La Fabrication de Vitrine R\u00e9frig\u00e9r\u00e9e \u00e0 Monaco Avec Servizial - Servizial","robots":{"index":"index","follow":"follow","max-snippet":"max-snippet:-1","max-image-preview":"max-image-preview:large","max-video-preview":"max-video-preview:-1"},"canonical":"https:\/\/servizial.com\/en\/la-fabrication-de-vitrine-refrigeree-a-monaco-avec-servizial\/","og_locale":"en_GB","og_type":"article","og_title":"La Fabrication de Vitrine R\u00e9frig\u00e9r\u00e9e \u00e0 Monaco Avec Servizial - Servizial","og_description":"Nich\u00e9 au c\u0153ur de l&rsquo;\u00e9l\u00e9gance mon\u00e9gasque, Servizial se distingue dans le domaine du mobilier professionnel. Notre engagement envers la perfection et le service raffin\u00e9 se manifeste dans chaque projet que nous entreprenons. La vitrine r\u00e9frig\u00e9r\u00e9e n&rsquo;\u00e9chappe pas \u00e0 cette r\u00e8gle, offrant non seulement une fonctionnalit\u00e9 exceptionnelle, mais aussi un design \u00e9l\u00e9gant qui s&rsquo;int\u00e8gre harmonieusement dans [&hellip;]","og_url":"https:\/\/servizial.com\/en\/la-fabrication-de-vitrine-refrigeree-a-monaco-avec-servizial\/","og_site_name":"Servizial","article_published_time":"2025-07-16T14:39:00+00:00","article_modified_time":"2025-10-15T09:16:11+00:00","author":"ederic_pod","twitter_card":"summary_large_image","twitter_misc":{"Written by":"ederic_pod","Estimated reading time":"4 minutes"},"schema":{"@context":"https:\/\/schema.org","@graph":[{"@type":"Article","@id":"https:\/\/servizial.com\/la-fabrication-de-vitrine-refrigeree-a-monaco-avec-servizial\/#article","isPartOf":{"@id":"https:\/\/servizial.com\/la-fabrication-de-vitrine-refrigeree-a-monaco-avec-servizial\/"},"author":{"name":"ederic_pod","@id":"https:\/\/servizial.com\/#\/schema\/person\/0af5db9e3948bd845f1d335e5444d001"},"headline":"La Fabrication de Vitrine R\u00e9frig\u00e9r\u00e9e \u00e0 Monaco Avec Servizial","datePublished":"2025-07-16T14:39:00+00:00","dateModified":"2025-10-15T09:16:11+00:00","mainEntityOfPage":{"@id":"https:\/\/servizial.com\/la-fabrication-de-vitrine-refrigeree-a-monaco-avec-servizial\/"},"wordCount":803,"commentCount":0,"publisher":{"@id":"https:\/\/servizial.com\/#organization"},"articleSection":["Monaco"],"inLanguage":"en-GB","potentialAction":[{"@type":"CommentAction","name":"Comment","target":["https:\/\/servizial.com\/la-fabrication-de-vitrine-refrigeree-a-monaco-avec-servizial\/#respond"]}]},{"@type":"WebPage","@id":"https:\/\/servizial.com\/la-fabrication-de-vitrine-refrigeree-a-monaco-avec-servizial\/","url":"https:\/\/servizial.com\/la-fabrication-de-vitrine-refrigeree-a-monaco-avec-servizial\/","name":"La Fabrication de Vitrine R\u00e9frig\u00e9r\u00e9e \u00e0 Monaco Avec Servizial - Servizial","isPartOf":{"@id":"https:\/\/servizial.com\/#website"},"datePublished":"2025-07-16T14:39:00+00:00","dateModified":"2025-10-15T09:16:11+00:00","breadcrumb":{"@id":"https:\/\/servizial.com\/la-fabrication-de-vitrine-refrigeree-a-monaco-avec-servizial\/#breadcrumb"},"inLanguage":"en-GB","potentialAction":[{"@type":"ReadAction","target":["https:\/\/servizial.com\/la-fabrication-de-vitrine-refrigeree-a-monaco-avec-servizial\/"]}]},{"@type":"BreadcrumbList","@id":"https:\/\/servizial.com\/la-fabrication-de-vitrine-refrigeree-a-monaco-avec-servizial\/#breadcrumb","itemListElement":[{"@type":"ListItem","position":1,"name":"Accueil","item":"https:\/\/servizial.com\/"},{"@type":"ListItem","position":2,"name":"La Fabrication de Vitrine R\u00e9frig\u00e9r\u00e9e \u00e0 Monaco Avec Servizial"}]},{"@type":"WebSite","@id":"https:\/\/servizial.com\/#website","url":"https:\/\/servizial.com\/","name":"Servizial","description":"","publisher":{"@id":"https:\/\/servizial.com\/#organization"},"potentialAction":[{"@type":"SearchAction","target":{"@type":"EntryPoint","urlTemplate":"https:\/\/servizial.com\/?s={search_term_string}"},"query-input":{"@type":"PropertyValueSpecification","valueRequired":true,"valueName":"search_term_string"}}],"inLanguage":"en-GB"},{"@type":"Organization","@id":"https:\/\/servizial.com\/#organization","name":"Servizial","url":"https:\/\/servizial.com\/","logo":{"@type":"ImageObject","inLanguage":"en-GB","@id":"https:\/\/servizial.com\/#\/schema\/logo\/image\/","url":"https:\/\/servizial.com\/wp-content\/uploads\/2024\/12\/image-1.svg","contentUrl":"https:\/\/servizial.com\/wp-content\/uploads\/2024\/12\/image-1.svg","width":300,"height":72,"caption":"Servizial"},"image":{"@id":"https:\/\/servizial.com\/#\/schema\/logo\/image\/"}},{"@type":"Person","@id":"https:\/\/servizial.com\/#\/schema\/person\/0af5db9e3948bd845f1d335e5444d001","name":"ederic_pod","image":{"@type":"ImageObject","inLanguage":"en-GB","@id":"https:\/\/servizial.com\/#\/schema\/person\/image\/","url":"https:\/\/secure.gravatar.com\/avatar\/c517492977735154a03259bc4c6c2a3d0651511a0357e12576d485ed913eb7d1?s=96&d=mm&r=g","contentUrl":"https:\/\/secure.gravatar.com\/avatar\/c517492977735154a03259bc4c6c2a3d0651511a0357e12576d485ed913eb7d1?s=96&d=mm&r=g","caption":"ederic_pod"},"url":"https:\/\/servizial.com\/en\/author\/ederic_pod\/"}]}},"_links":{"self":[{"href":"https:\/\/servizial.com\/en\/wp-json\/wp\/v2\/posts\/4244","targetHints":{"allow":["GET"]}}],"collection":[{"href":"https:\/\/servizial.com\/en\/wp-json\/wp\/v2\/posts"}],"about":[{"href":"https:\/\/servizial.com\/en\/wp-json\/wp\/v2\/types\/post"}],"author":[{"embeddable":true,"href":"https:\/\/servizial.com\/en\/wp-json\/wp\/v2\/users\/2"}],"replies":[{"embeddable":true,"href":"https:\/\/servizial.com\/en\/wp-json\/wp\/v2\/comments?post=4244"}],"version-history":[{"count":1,"href":"https:\/\/servizial.com\/en\/wp-json\/wp\/v2\/posts\/4244\/revisions"}],"predecessor-version":[{"id":4245,"href":"https:\/\/servizial.com\/en\/wp-json\/wp\/v2\/posts\/4244\/revisions\/4245"}],"wp:attachment":[{"href":"https:\/\/servizial.com\/en\/wp-json\/wp\/v2\/media?parent=4244"}],"wp:term":[{"taxonomy":"category","embeddable":true,"href":"https:\/\/servizial.com\/en\/wp-json\/wp\/v2\/categories?post=4244"},{"taxonomy":"post_tag","embeddable":true,"href":"https:\/\/servizial.com\/en\/wp-json\/wp\/v2\/tags?post=4244"}],"curies":[{"name":"wp","href":"https:\/\/api.w.org\/{rel}","templated":true}]}}