{"id":4246,"date":"2025-04-23T14:37:00","date_gmt":"2025-04-23T14:37:00","guid":{"rendered":"https:\/\/servizial.com\/fabrication-de-vitrine-de-presentation-refrigeree-a-deauville-le-savoir-faire-de-servizial\/"},"modified":"2025-10-15T09:15:37","modified_gmt":"2025-10-15T09:15:37","slug":"fabrication-de-vitrine-de-presentation-refrigeree-a-deauville-le-savoir-faire-de-servizial","status":"publish","type":"post","link":"https:\/\/servizial.com\/en\/fabrication-de-vitrine-de-presentation-refrigeree-a-deauville-le-savoir-faire-de-servizial\/","title":{"rendered":"Fabrication de vitrine de pr\u00e9sentation r\u00e9frig\u00e9r\u00e9e \u00e0 Deauville : le savoir-faire de Servizial"},"content":{"rendered":"<p>Saviez-vous que la <strong>vitrine r\u00e9frig\u00e9r\u00e9e<\/strong> est un \u00e9l\u00e9ment cl\u00e9 dans le secteur des <strong>m\u00e9tiers de bouche<\/strong> ? Chez Servizial, nous comprenons l&rsquo;importance d&rsquo;un <strong>mobilier professionnel<\/strong> bien con\u00e7u pour mettre en valeur vos produits tout en garantissant leur conservation optimale. Install\u00e9e \u00e0 Deauville, notre entreprise s&rsquo;engage \u00e0 fournir des solutions sur mesure r\u00e9pondant aux besoins sp\u00e9cifiques de chaque client.<\/p>\n<h2>Pourquoi choisir une vitrine r\u00e9frig\u00e9r\u00e9e sur mesure ?<\/h2>\n<p>Opter pour une <strong>fabrication sur mesure<\/strong> de votre vitrine r\u00e9frig\u00e9r\u00e9e vous offre de nombreux avantages. Avant tout, cela permet de cr\u00e9er un <strong>mobilier d&rsquo;agencement<\/strong> qui s&rsquo;int\u00e8gre parfaitement \u00e0 votre espace de vente. Que vous poss\u00e9diez une petite \u00e9picerie ou une vaste boulangerie, nous concevons des \u00e9quipements adapt\u00e9s \u00e0 votre environnement et \u00e0 vos contraintes spatiales.<\/p>\n<p>Une vitrine r\u00e9frig\u00e9r\u00e9e personnalis\u00e9e assure \u00e9galement une pr\u00e9sentation esth\u00e9tique et fonctionnelle de vos produits. Nos designs incluent souvent des \u00e9l\u00e9ments modernes tels que l\u2019<strong>\u00e9clairage LED<\/strong> pour sublimer les couleurs naturelles des aliments expos\u00e9s. Ces petites touches font toute la diff\u00e9rence dans l&rsquo;am\u00e9nagement global de votre espace commercial et augmentent l&rsquo;attractivit\u00e9 de vos \u00e9talages.<\/p>\n<h3>Les sp\u00e9cificit\u00e9s techniques des vitrines r\u00e9frig\u00e9r\u00e9es<\/h3>\n<p>L&rsquo;un des aspects essentiels lors de la conception d&rsquo;une vitrine r\u00e9frig\u00e9r\u00e9e est la <strong>performance \u00e9nerg\u00e9tique<\/strong>. Gr\u00e2ce \u00e0 l&rsquo;isolation performante et aux technologies de pointe mises en \u0153uvre, nos vitrines garantissent un contr\u00f4le pr\u00e9cis de la temp\u00e9rature afin de pr\u00e9server les qualit\u00e9s organoleptiques des produits frais. Notre engagement envers des pratiques respectueuses de l\u2019environnement nous implique dans l\u2019innovation constante.<\/p>\n<p>D\u2019autre part, nous proposons diff\u00e9rents types de compresseurs et syst\u00e8mes de refroidissement pour r\u00e9pondre \u00e0 toutes vos exigences. Cela va des <strong>r\u00e9serves r\u00e9frig\u00e9r\u00e9es<\/strong> int\u00e9gr\u00e9es au choix du vitrage. Nous privil\u00e9gions toujours la qualit\u00e9, car nous savons combien il est important pour vous de maintenir un haut niveau de satisfaction client\u00e8le.<\/p>\n<h2>Le processus de fabrication chez Servizial<\/h2>\n<p>La fabrication de vitrines r\u00e9frig\u00e9r\u00e9es chez Servizial repose sur des ann\u00e9es d&rsquo;exp\u00e9rience combin\u00e9es \u00e0 une innovation constante. Chaque projet commence par une phase de consultation o\u00f9 nous analysons vos attentes et contraintes sp\u00e9cifiques. Cette approche personnalis\u00e9e nous permet de mieux comprendre vos besoins et de proposer des solutions adapt\u00e9es.<\/p>\n<p>Ensuite, notre \u00e9quipe technique \u00e9labore un plan d\u00e9taill\u00e9 accompagn\u00e9 de croquis et maquettes 3D. Cela vous donne une vision claire du produit final avant m\u00eame le d\u00e9but de sa fabrication. Tout au long du processus, nous restons \u00e0 votre \u00e9coute pour effectuer les ajustements n\u00e9cessaires.<\/p>\n<h3>\u00c9tapes cl\u00e9s dans la conception<\/h3>\n<ul>\n<li>Consultation initiale pour conna\u00eetre vos exigences<\/li>\n<li>Conception de plans sur mesure et mod\u00e9lisations 3D<\/li>\n<li>S\u00e9lection des mat\u00e9riaux de haute qualit\u00e9<\/li>\n<li>Processus de fabrication avec suivi rigoureux des normes<\/li>\n<li>Installation et service apr\u00e8s-vente personnalis\u00e9<\/li>\n<\/ul>\n<p>Ces \u00e9tapes sont r\u00e9alis\u00e9es avec minutie et passion, car nous savons que la qualit\u00e9 de nos cr\u00e9ations rejaillit directement sur votre succ\u00e8s commercial. L&rsquo;<strong>habillage<\/strong> de la vitrine est choisi en concertation avec vous afin de correspondre \u00e0 l&rsquo;image de marque de votre entreprise.<\/p>\n<h2>L&rsquo;int\u00e9gration du mobilier d&rsquo;agencement dans votre espace<\/h2>\n<p>Afin de garantir une implantation harmonieuse, nous offrons \u00e9galement des conseils en am\u00e9nagement global de votre surface de vente. Nos experts vous guident pour optimiser l&rsquo;utilisation de l&rsquo;espace tout en favorisant une ambiance propice aux achats. Ainsi, chaque \u00e9l\u00e9ment, y compris la <strong>vitrine comptoir<\/strong>, contribue \u00e0 cr\u00e9er un environnement chaleureux et accueillant.<\/p>\n<p>Il est essentiel d\u2019accorder une attention particuli\u00e8re aux d\u00e9tails comme la circulation des clients, mais aussi \u00e0 la mise en lumi\u00e8re strat\u00e9gique des produits. L&rsquo;\u00e9clairage LED joue un r\u00f4le crucial ici, offrant une luminosit\u00e9 efficace avec une faible consommation d\u2019\u00e9nergie. Il est judicieux de choisir ce type d&rsquo;\u00e9clairage pour souligner les points forts de votre assortiment sans endommager les produits sensibles \u00e0 la chaleur.<\/p>\n<h3>Quelques conseils pour maximiser l&rsquo;impact visuel<\/h3>\n<p>Cr\u00e9er une vitrine attrayante n\u00e9cessite certes un excellent \u00e9quipement, mais aussi une certaine dose de cr\u00e9ativit\u00e9 et strat\u00e9gie commerciale. Pour cela, voici quelques recommandations :<\/p>\n<ol>\n<li>Positionnez les meilleurs produits \u00e0 hauteur des yeux pour capter imm\u00e9diatement l&rsquo;attention.<\/li>\n<li>Utilisez des compositions color\u00e9es pour susciter l\u2019int\u00e9r\u00eat des passants.<\/li>\n<li>Renouvelez r\u00e9guli\u00e8rement les pr\u00e9sentations pour garder une dynamique.<\/li>\n<\/ol>\n<p>En travaillant main dans la main avec nos clients, nous avons pu observer des r\u00e9sultats probants. Non seulement l\u2019aspect esth\u00e9tique est renforc\u00e9, mais l\u2019exp\u00e9rience utilisateur en magasin en est \u00e9galement grandement am\u00e9lior\u00e9e.<\/p>\n<h2>Ancrer le succ\u00e8s dans l&rsquo;innovation continue<\/h2>\n<p>Chez Servizial, nous ne consid\u00e9rons jamais un projet comme termin\u00e9 apr\u00e8s sa livraison. En fait, nous croyons fermement que l\u2019innovation continue est essentielle pour rester en t\u00eate dans le secteur. C&rsquo;est pourquoi nous investissons constamment dans la recherche et le d\u00e9veloppement pour anticiper les nouvelles tendances et technologies.<\/p>\n<p>Notre ambition est d&rsquo;offrir \u00e0 chaque professionnel des m\u00e9tiers de bouche une vitrine non seulement belle, mais surtout efficace, rentable et durable. C&rsquo;est ainsi que nous tenons notre promesse d&rsquo;excellence et d\u00e9veloppons des relations durables avec nos partenaires.<\/p>","protected":false},"excerpt":{"rendered":"<p>Saviez-vous que la vitrine r\u00e9frig\u00e9r\u00e9e est un \u00e9l\u00e9ment cl\u00e9 dans le secteur des m\u00e9tiers de bouche ? Chez Servizial, nous comprenons l&rsquo;importance d&rsquo;un mobilier professionnel bien con\u00e7u pour mettre en valeur vos produits tout en garantissant leur conservation optimale. Install\u00e9e \u00e0 Deauville, notre entreprise s&rsquo;engage \u00e0 fournir des solutions sur mesure r\u00e9pondant aux besoins sp\u00e9cifiques [&hellip;]<\/p>","protected":false},"author":2,"featured_media":0,"comment_status":"open","ping_status":"open","sticky":false,"template":"","format":"standard","meta":{"_acf_changed":false,"inline_featured_image":false,"footnotes":""},"categories":[60],"tags":[],"class_list":["post-4246","post","type-post","status-publish","format-standard","hentry","category-mobilier-haut-de-gamme-et-sur-mesure-deauville"],"acf":[],"yoast_head":"<!-- This site is optimized with the Yoast SEO plugin v26.6 - https:\/\/yoast.com\/wordpress\/plugins\/seo\/ -->\n<title>Fabrication de vitrine de pr\u00e9sentation r\u00e9frig\u00e9r\u00e9e \u00e0 Deauville : le savoir-faire de Servizial - Servizial<\/title>\n<meta name=\"robots\" content=\"index, follow, max-snippet:-1, max-image-preview:large, max-video-preview:-1\" \/>\n<link rel=\"canonical\" href=\"https:\/\/servizial.com\/en\/fabrication-de-vitrine-de-presentation-refrigeree-a-deauville-le-savoir-faire-de-servizial\/\" \/>\n<meta property=\"og:locale\" content=\"en_GB\" \/>\n<meta property=\"og:type\" content=\"article\" \/>\n<meta property=\"og:title\" content=\"Fabrication de vitrine de pr\u00e9sentation r\u00e9frig\u00e9r\u00e9e \u00e0 Deauville : le savoir-faire de Servizial - Servizial\" \/>\n<meta property=\"og:description\" content=\"Saviez-vous que la vitrine r\u00e9frig\u00e9r\u00e9e est un \u00e9l\u00e9ment cl\u00e9 dans le secteur des m\u00e9tiers de bouche ? Chez Servizial, nous comprenons l&rsquo;importance d&rsquo;un mobilier professionnel bien con\u00e7u pour mettre en valeur vos produits tout en garantissant leur conservation optimale. Install\u00e9e \u00e0 Deauville, notre entreprise s&rsquo;engage \u00e0 fournir des solutions sur mesure r\u00e9pondant aux besoins sp\u00e9cifiques [&hellip;]\" \/>\n<meta property=\"og:url\" content=\"https:\/\/servizial.com\/en\/fabrication-de-vitrine-de-presentation-refrigeree-a-deauville-le-savoir-faire-de-servizial\/\" \/>\n<meta property=\"og:site_name\" content=\"Servizial\" \/>\n<meta property=\"article:published_time\" content=\"2025-04-23T14:37:00+00:00\" \/>\n<meta property=\"article:modified_time\" content=\"2025-10-15T09:15:37+00:00\" \/>\n<meta name=\"author\" content=\"ederic_pod\" \/>\n<meta name=\"twitter:card\" content=\"summary_large_image\" \/>\n<meta name=\"twitter:label1\" content=\"Written by\" \/>\n\t<meta name=\"twitter:data1\" content=\"ederic_pod\" \/>\n\t<meta name=\"twitter:label2\" content=\"Estimated reading time\" \/>\n\t<meta name=\"twitter:data2\" content=\"4 minutes\" \/>\n<script type=\"application\/ld+json\" class=\"yoast-schema-graph\">{\"@context\":\"https:\/\/schema.org\",\"@graph\":[{\"@type\":\"Article\",\"@id\":\"https:\/\/servizial.com\/fabrication-de-vitrine-de-presentation-refrigeree-a-deauville-le-savoir-faire-de-servizial\/#article\",\"isPartOf\":{\"@id\":\"https:\/\/servizial.com\/fabrication-de-vitrine-de-presentation-refrigeree-a-deauville-le-savoir-faire-de-servizial\/\"},\"author\":{\"name\":\"ederic_pod\",\"@id\":\"https:\/\/servizial.com\/#\/schema\/person\/0af5db9e3948bd845f1d335e5444d001\"},\"headline\":\"Fabrication de vitrine de pr\u00e9sentation r\u00e9frig\u00e9r\u00e9e \u00e0 Deauville : le savoir-faire de Servizial\",\"datePublished\":\"2025-04-23T14:37:00+00:00\",\"dateModified\":\"2025-10-15T09:15:37+00:00\",\"mainEntityOfPage\":{\"@id\":\"https:\/\/servizial.com\/fabrication-de-vitrine-de-presentation-refrigeree-a-deauville-le-savoir-faire-de-servizial\/\"},\"wordCount\":919,\"commentCount\":0,\"publisher\":{\"@id\":\"https:\/\/servizial.com\/#organization\"},\"articleSection\":[\"Deauville\"],\"inLanguage\":\"en-GB\",\"potentialAction\":[{\"@type\":\"CommentAction\",\"name\":\"Comment\",\"target\":[\"https:\/\/servizial.com\/fabrication-de-vitrine-de-presentation-refrigeree-a-deauville-le-savoir-faire-de-servizial\/#respond\"]}]},{\"@type\":\"WebPage\",\"@id\":\"https:\/\/servizial.com\/fabrication-de-vitrine-de-presentation-refrigeree-a-deauville-le-savoir-faire-de-servizial\/\",\"url\":\"https:\/\/servizial.com\/fabrication-de-vitrine-de-presentation-refrigeree-a-deauville-le-savoir-faire-de-servizial\/\",\"name\":\"Fabrication de vitrine de pr\u00e9sentation r\u00e9frig\u00e9r\u00e9e \u00e0 Deauville : le savoir-faire de Servizial - Servizial\",\"isPartOf\":{\"@id\":\"https:\/\/servizial.com\/#website\"},\"datePublished\":\"2025-04-23T14:37:00+00:00\",\"dateModified\":\"2025-10-15T09:15:37+00:00\",\"breadcrumb\":{\"@id\":\"https:\/\/servizial.com\/fabrication-de-vitrine-de-presentation-refrigeree-a-deauville-le-savoir-faire-de-servizial\/#breadcrumb\"},\"inLanguage\":\"en-GB\",\"potentialAction\":[{\"@type\":\"ReadAction\",\"target\":[\"https:\/\/servizial.com\/fabrication-de-vitrine-de-presentation-refrigeree-a-deauville-le-savoir-faire-de-servizial\/\"]}]},{\"@type\":\"BreadcrumbList\",\"@id\":\"https:\/\/servizial.com\/fabrication-de-vitrine-de-presentation-refrigeree-a-deauville-le-savoir-faire-de-servizial\/#breadcrumb\",\"itemListElement\":[{\"@type\":\"ListItem\",\"position\":1,\"name\":\"Accueil\",\"item\":\"https:\/\/servizial.com\/\"},{\"@type\":\"ListItem\",\"position\":2,\"name\":\"Fabrication de vitrine de pr\u00e9sentation r\u00e9frig\u00e9r\u00e9e \u00e0 Deauville : le savoir-faire de Servizial\"}]},{\"@type\":\"WebSite\",\"@id\":\"https:\/\/servizial.com\/#website\",\"url\":\"https:\/\/servizial.com\/\",\"name\":\"Servizial\",\"description\":\"\",\"publisher\":{\"@id\":\"https:\/\/servizial.com\/#organization\"},\"potentialAction\":[{\"@type\":\"SearchAction\",\"target\":{\"@type\":\"EntryPoint\",\"urlTemplate\":\"https:\/\/servizial.com\/?s={search_term_string}\"},\"query-input\":{\"@type\":\"PropertyValueSpecification\",\"valueRequired\":true,\"valueName\":\"search_term_string\"}}],\"inLanguage\":\"en-GB\"},{\"@type\":\"Organization\",\"@id\":\"https:\/\/servizial.com\/#organization\",\"name\":\"Servizial\",\"url\":\"https:\/\/servizial.com\/\",\"logo\":{\"@type\":\"ImageObject\",\"inLanguage\":\"en-GB\",\"@id\":\"https:\/\/servizial.com\/#\/schema\/logo\/image\/\",\"url\":\"https:\/\/servizial.com\/wp-content\/uploads\/2024\/12\/image-1.svg\",\"contentUrl\":\"https:\/\/servizial.com\/wp-content\/uploads\/2024\/12\/image-1.svg\",\"width\":300,\"height\":72,\"caption\":\"Servizial\"},\"image\":{\"@id\":\"https:\/\/servizial.com\/#\/schema\/logo\/image\/\"}},{\"@type\":\"Person\",\"@id\":\"https:\/\/servizial.com\/#\/schema\/person\/0af5db9e3948bd845f1d335e5444d001\",\"name\":\"ederic_pod\",\"image\":{\"@type\":\"ImageObject\",\"inLanguage\":\"en-GB\",\"@id\":\"https:\/\/servizial.com\/#\/schema\/person\/image\/\",\"url\":\"https:\/\/secure.gravatar.com\/avatar\/c517492977735154a03259bc4c6c2a3d0651511a0357e12576d485ed913eb7d1?s=96&d=mm&r=g\",\"contentUrl\":\"https:\/\/secure.gravatar.com\/avatar\/c517492977735154a03259bc4c6c2a3d0651511a0357e12576d485ed913eb7d1?s=96&d=mm&r=g\",\"caption\":\"ederic_pod\"},\"url\":\"https:\/\/servizial.com\/en\/author\/ederic_pod\/\"}]}<\/script>\n<!-- \/ Yoast SEO plugin. -->","yoast_head_json":{"title":"Fabrication de vitrine de pr\u00e9sentation r\u00e9frig\u00e9r\u00e9e \u00e0 Deauville : le savoir-faire de Servizial - Servizial","robots":{"index":"index","follow":"follow","max-snippet":"max-snippet:-1","max-image-preview":"max-image-preview:large","max-video-preview":"max-video-preview:-1"},"canonical":"https:\/\/servizial.com\/en\/fabrication-de-vitrine-de-presentation-refrigeree-a-deauville-le-savoir-faire-de-servizial\/","og_locale":"en_GB","og_type":"article","og_title":"Fabrication de vitrine de pr\u00e9sentation r\u00e9frig\u00e9r\u00e9e \u00e0 Deauville : le savoir-faire de Servizial - Servizial","og_description":"Saviez-vous que la vitrine r\u00e9frig\u00e9r\u00e9e est un \u00e9l\u00e9ment cl\u00e9 dans le secteur des m\u00e9tiers de bouche ? Chez Servizial, nous comprenons l&rsquo;importance d&rsquo;un mobilier professionnel bien con\u00e7u pour mettre en valeur vos produits tout en garantissant leur conservation optimale. Install\u00e9e \u00e0 Deauville, notre entreprise s&rsquo;engage \u00e0 fournir des solutions sur mesure r\u00e9pondant aux besoins sp\u00e9cifiques [&hellip;]","og_url":"https:\/\/servizial.com\/en\/fabrication-de-vitrine-de-presentation-refrigeree-a-deauville-le-savoir-faire-de-servizial\/","og_site_name":"Servizial","article_published_time":"2025-04-23T14:37:00+00:00","article_modified_time":"2025-10-15T09:15:37+00:00","author":"ederic_pod","twitter_card":"summary_large_image","twitter_misc":{"Written by":"ederic_pod","Estimated reading time":"4 minutes"},"schema":{"@context":"https:\/\/schema.org","@graph":[{"@type":"Article","@id":"https:\/\/servizial.com\/fabrication-de-vitrine-de-presentation-refrigeree-a-deauville-le-savoir-faire-de-servizial\/#article","isPartOf":{"@id":"https:\/\/servizial.com\/fabrication-de-vitrine-de-presentation-refrigeree-a-deauville-le-savoir-faire-de-servizial\/"},"author":{"name":"ederic_pod","@id":"https:\/\/servizial.com\/#\/schema\/person\/0af5db9e3948bd845f1d335e5444d001"},"headline":"Fabrication de vitrine de pr\u00e9sentation r\u00e9frig\u00e9r\u00e9e \u00e0 Deauville : le savoir-faire de Servizial","datePublished":"2025-04-23T14:37:00+00:00","dateModified":"2025-10-15T09:15:37+00:00","mainEntityOfPage":{"@id":"https:\/\/servizial.com\/fabrication-de-vitrine-de-presentation-refrigeree-a-deauville-le-savoir-faire-de-servizial\/"},"wordCount":919,"commentCount":0,"publisher":{"@id":"https:\/\/servizial.com\/#organization"},"articleSection":["Deauville"],"inLanguage":"en-GB","potentialAction":[{"@type":"CommentAction","name":"Comment","target":["https:\/\/servizial.com\/fabrication-de-vitrine-de-presentation-refrigeree-a-deauville-le-savoir-faire-de-servizial\/#respond"]}]},{"@type":"WebPage","@id":"https:\/\/servizial.com\/fabrication-de-vitrine-de-presentation-refrigeree-a-deauville-le-savoir-faire-de-servizial\/","url":"https:\/\/servizial.com\/fabrication-de-vitrine-de-presentation-refrigeree-a-deauville-le-savoir-faire-de-servizial\/","name":"Fabrication de vitrine de pr\u00e9sentation r\u00e9frig\u00e9r\u00e9e \u00e0 Deauville : le savoir-faire de Servizial - Servizial","isPartOf":{"@id":"https:\/\/servizial.com\/#website"},"datePublished":"2025-04-23T14:37:00+00:00","dateModified":"2025-10-15T09:15:37+00:00","breadcrumb":{"@id":"https:\/\/servizial.com\/fabrication-de-vitrine-de-presentation-refrigeree-a-deauville-le-savoir-faire-de-servizial\/#breadcrumb"},"inLanguage":"en-GB","potentialAction":[{"@type":"ReadAction","target":["https:\/\/servizial.com\/fabrication-de-vitrine-de-presentation-refrigeree-a-deauville-le-savoir-faire-de-servizial\/"]}]},{"@type":"BreadcrumbList","@id":"https:\/\/servizial.com\/fabrication-de-vitrine-de-presentation-refrigeree-a-deauville-le-savoir-faire-de-servizial\/#breadcrumb","itemListElement":[{"@type":"ListItem","position":1,"name":"Accueil","item":"https:\/\/servizial.com\/"},{"@type":"ListItem","position":2,"name":"Fabrication de vitrine de pr\u00e9sentation r\u00e9frig\u00e9r\u00e9e \u00e0 Deauville : le savoir-faire de Servizial"}]},{"@type":"WebSite","@id":"https:\/\/servizial.com\/#website","url":"https:\/\/servizial.com\/","name":"Servizial","description":"","publisher":{"@id":"https:\/\/servizial.com\/#organization"},"potentialAction":[{"@type":"SearchAction","target":{"@type":"EntryPoint","urlTemplate":"https:\/\/servizial.com\/?s={search_term_string}"},"query-input":{"@type":"PropertyValueSpecification","valueRequired":true,"valueName":"search_term_string"}}],"inLanguage":"en-GB"},{"@type":"Organization","@id":"https:\/\/servizial.com\/#organization","name":"Servizial","url":"https:\/\/servizial.com\/","logo":{"@type":"ImageObject","inLanguage":"en-GB","@id":"https:\/\/servizial.com\/#\/schema\/logo\/image\/","url":"https:\/\/servizial.com\/wp-content\/uploads\/2024\/12\/image-1.svg","contentUrl":"https:\/\/servizial.com\/wp-content\/uploads\/2024\/12\/image-1.svg","width":300,"height":72,"caption":"Servizial"},"image":{"@id":"https:\/\/servizial.com\/#\/schema\/logo\/image\/"}},{"@type":"Person","@id":"https:\/\/servizial.com\/#\/schema\/person\/0af5db9e3948bd845f1d335e5444d001","name":"ederic_pod","image":{"@type":"ImageObject","inLanguage":"en-GB","@id":"https:\/\/servizial.com\/#\/schema\/person\/image\/","url":"https:\/\/secure.gravatar.com\/avatar\/c517492977735154a03259bc4c6c2a3d0651511a0357e12576d485ed913eb7d1?s=96&d=mm&r=g","contentUrl":"https:\/\/secure.gravatar.com\/avatar\/c517492977735154a03259bc4c6c2a3d0651511a0357e12576d485ed913eb7d1?s=96&d=mm&r=g","caption":"ederic_pod"},"url":"https:\/\/servizial.com\/en\/author\/ederic_pod\/"}]}},"_links":{"self":[{"href":"https:\/\/servizial.com\/en\/wp-json\/wp\/v2\/posts\/4246","targetHints":{"allow":["GET"]}}],"collection":[{"href":"https:\/\/servizial.com\/en\/wp-json\/wp\/v2\/posts"}],"about":[{"href":"https:\/\/servizial.com\/en\/wp-json\/wp\/v2\/types\/post"}],"author":[{"embeddable":true,"href":"https:\/\/servizial.com\/en\/wp-json\/wp\/v2\/users\/2"}],"replies":[{"embeddable":true,"href":"https:\/\/servizial.com\/en\/wp-json\/wp\/v2\/comments?post=4246"}],"version-history":[{"count":1,"href":"https:\/\/servizial.com\/en\/wp-json\/wp\/v2\/posts\/4246\/revisions"}],"predecessor-version":[{"id":4247,"href":"https:\/\/servizial.com\/en\/wp-json\/wp\/v2\/posts\/4246\/revisions\/4247"}],"wp:attachment":[{"href":"https:\/\/servizial.com\/en\/wp-json\/wp\/v2\/media?parent=4246"}],"wp:term":[{"taxonomy":"category","embeddable":true,"href":"https:\/\/servizial.com\/en\/wp-json\/wp\/v2\/categories?post=4246"},{"taxonomy":"post_tag","embeddable":true,"href":"https:\/\/servizial.com\/en\/wp-json\/wp\/v2\/tags?post=4246"}],"curies":[{"name":"wp","href":"https:\/\/api.w.org\/{rel}","templated":true}]}}