{"id":4252,"date":"2025-05-19T11:41:00","date_gmt":"2025-05-19T11:41:00","guid":{"rendered":"https:\/\/servizial.com\/vitrine-refrigeree-sur-mesure-a-paris-lart-de-la-fabrication-par-servizial\/"},"modified":"2025-10-15T09:16:58","modified_gmt":"2025-10-15T09:16:58","slug":"vitrine-refrigeree-sur-mesure-a-paris-lart-de-la-fabrication-par-servizial","status":"publish","type":"post","link":"https:\/\/servizial.com\/en\/vitrine-refrigeree-sur-mesure-a-paris-lart-de-la-fabrication-par-servizial\/","title":{"rendered":"Vitrine r\u00e9frig\u00e9r\u00e9e sur mesure \u00e0 Paris : l\u2019art de la fabrication par Servizial"},"content":{"rendered":"<p>Sp\u00e9cialis\u00e9e dans les <strong>vitrines r\u00e9frig\u00e9r\u00e9es<\/strong>, notre entreprise <strong>Servizial<\/strong> se d\u00e9marque \u00e0 Paris par une expertise unique en conception et fabrication sur mesure. Que vous soyez traiteur, boulanger ou tout autre professionnel des <strong>m\u00e9tiers de bouche<\/strong>, nous comprenons que chaque point de vente a ses propres exigences. Pour cela, nous vous proposons un service qui garantit \u00e0 votre espace un <strong>agencement<\/strong> adapt\u00e9 \u00e0 vos besoins sp\u00e9cifiques.<\/p>\n<p>Souhaitez-vous valoriser vos produits frais tout en assurant leur parfaite conservation ? D\u00e9couvrez comment nos solutions personnalis\u00e9es transforment l\u2019exp\u00e9rience d\u2019achat dans votre \u00e9tablissement gr\u00e2ce \u00e0 notre <strong>savoir-faire<\/strong> et nos innovations.<\/p>\n<h2>Les sp\u00e9cificit\u00e9s de la vitrine r\u00e9frig\u00e9r\u00e9e sur mesure<\/h2>\n<p>Les <strong>vitrines r\u00e9frig\u00e9r\u00e9es<\/strong> ne sont pas simplement un moyen de stocker vos produits \u00e0 la bonne temp\u00e9rature. Elles sont de v\u00e9ritables outils marketing dans le secteur de l\u2019agroalimentaire. Gr\u00e2ce \u00e0 une <strong>mise en valeur<\/strong> optimale de vos marchandises, elles attirent l\u2019\u0153il du consommateur d\u00e8s son entr\u00e9e chez vous.<\/p>\n<p>Chez Sevrizial, nous offrons des vitrines r\u00e9frig\u00e9r\u00e9es <strong>sur mesure<\/strong> qui s&rsquo;adaptent \u00e0 l&rsquo;architecture et au style de votre int\u00e9rieur. Ce sur-mesure permet non seulement une harmonisation esth\u00e9tique, mais assure \u00e9galement une performance \u00e9nerg\u00e9tique optimis\u00e9e, essentielle pour r\u00e9duire les co\u00fbts op\u00e9rationnels.<\/p>\n<h3>Conception pens\u00e9e pour les m\u00e9tiers de bouche<\/h3>\n<p>Chaque m\u00e9tier de bouche poss\u00e8de ses propres particularit\u00e9s : le besoin de conserver certains aliments \u00e0 des temp\u00e9ratures sp\u00e9cifiques, des espaces de stockage adapt\u00e9s aux volumes vari\u00e9s ou encore l\u2019exposition ad\u00e9quate des produits. Nos ing\u00e9nieurs con\u00e7oivent ainsi des vitrines qui r\u00e9pondent pr\u00e9cis\u00e9ment \u00e0 ces exigences. Chez les boulangers, par exemple, la pr\u00e9sentation des p\u00e2tisseries trouvera sa r\u00e9ponse id\u00e9ale dans nos designs pens\u00e9s pour s\u00e9duire tout en pr\u00e9servant la fra\u00eecheur.<\/p>\n<p>Pour les traiteurs, nos vitrines permettent \u00e0 la fois la visibilit\u00e9 des plats pr\u00eats \u00e0 emporter et le maintien de leurs saveurs distinctes. Loin d&rsquo;\u00eatre de simples accessoires, ces \u00e9l\u00e9ments deviennent partie int\u00e9grante de votre strat\u00e9gie commerciale.<\/p>\n<h2>Installation et agencement optimal par Servizial<\/h2>\n<p>L\u2019installation d\u2019une vitrine r\u00e9frig\u00e9r\u00e9e repr\u00e9sente bien plus qu&rsquo;un simple am\u00e9nagement mat\u00e9riel. C\u2019est un processus m\u00e9ticuleux qui implique une collaboration \u00e9troite entre nos \u00e9quipes et votre projet. Notre approche se distingue par une analyse approfondie de vos locaux afin de proposer une solution qui maximise l\u2019espace disponible et l\u2019accessibilit\u00e9 de vos produits.<\/p>\n<p>Dans l&rsquo;univers press\u00e9 des commerces alimentaires parisiens, une installation professionnelle garantit une efficacit\u00e9 op\u00e9rationnelle accrue. Nos experts se chargent ainsi de la totalit\u00e9 du processus, depuis l\u2019\u00e9tablissement d\u2019un plan pr\u00e9cis jusqu\u2019\u00e0 la mise en place finale en fonction de vos contraintes sp\u00e9cifiques. En adoptant une perspective globale sur l&rsquo;agencement, nous garantissons une optimisation esth\u00e9tique et pratique au sein de votre espace commercial.<\/p>\n<h3>Int\u00e9gration technologique avanc\u00e9e<\/h3>\n<p>La technologie joue un r\u00f4le central dans la <strong>fabrication contemporaine<\/strong> de vitrines r\u00e9frig\u00e9r\u00e9es. \u00c0 cet \u00e9gard, Servizial innove constamment pour int\u00e9grer les derni\u00e8res avanc\u00e9es directement dans nos cr\u00e9ations. Ces innovations comprennent notamment des syst\u00e8mes de contr\u00f4le \u00e0 distance pour surveiller et ajuster la temp\u00e9rature ou encore des dispositifs de lumi\u00e8re LED pour une meilleure illumination des produits, permettant de mettre en avant les qualit\u00e9s visuelles de vos offres.<\/p>\n<p>De m\u00eame, l\u2019efficacit\u00e9 \u00e9nerg\u00e9tique est un crit\u00e8re sur lequel nous ne faisons aucun compromis. Par l\u2019utilisation de mat\u00e9riaux isolants novateurs et de compresseurs ultra performants, nos vitrines allient \u00e9cologie et \u00e9conomie, deux pr\u00e9occupations majeures pour tout professionnel averti.<\/p>\n<h2>Fabriquer avec expertise pour r\u00e9pondre \u00e0 vos besoins sp\u00e9cifiques<\/h2>\n<p>Au c\u0153ur de Paris, Servizial dispose de locaux d\u00e9di\u00e9s \u00e0 la production o\u00f9 chaque <strong>vitrine<\/strong> est fabriqu\u00e9e avec le souci du d\u00e9tail. La pr\u00e9cision de nos artisans combin\u00e9e aux technologies modernes assure un produit final qui non seulement satisfait mais d\u00e9passe vos attentes.<\/p>\n<p>Notre engagement demeure constant envers un seul objectif : offrir une vitrine parfaitement adapt\u00e9e \u00e0 votre activit\u00e9, mont\u00e9e par des professionnels aguerris. Ainsi accompagne-t-on nos clients \u00e0 chaque \u00e9tape, en transformant leur vision commerciale en une r\u00e9alit\u00e9 tangible.<\/p>\n<h3>Satisfaire les crit\u00e8res professionnels les plus exigeants<\/h3>\n<p>Rejoindre notre client\u00e8le satisfaite signifie adopter une solution \u00e9prouv\u00e9e, synonyme de qualit\u00e9 et de s\u00e9curit\u00e9. Nous nous conformons pleinement aux normes sanitaires requises, garantissant que tous nos \u00e9quipements respectent scrupuleusement les standards en vigueur concernant la conservation des denr\u00e9es alimentaires. Vous b\u00e9n\u00e9ficiez alors d&rsquo;une tranquillit\u00e9 d\u2019esprit tout en renfor\u00e7ant votre r\u00e9putation aupr\u00e8s de votre client\u00e8le.<\/p>\n<p>Cette orientation client fait de nous le partenaire id\u00e9al pour ceux qui recherchent excellence et innovation. Nous savons qu\u2019une belle vitrine r\u00e9frig\u00e9r\u00e9e peut ind\u00e9niablement renforcer l\u2019image professionnelle de votre enseigne et agr\u00e9ger autour d\u2019elle le capital sympathie n\u00e9cessaire \u00e0 une fid\u00e9lisation durable.<\/p>\n<h2>Le choix strat\u00e9gique de l\u2019excellence pour votre commerce<\/h2>\n<p>L&rsquo;endroit o\u00f9 nous effectuons la pr\u00e9sentation de nos produits influencera fortement leur perception par le public. Optant pour une qualit\u00e9 incontestable, vous faites montre d\u2019une attention particuli\u00e8re pour vos biens et services expos\u00e9s. Les vitrines de Servizial symbolisent ce soin apport\u00e9 aux d\u00e9tails tout en renfor\u00e7ant l&rsquo;identit\u00e9 singuli\u00e8re de votre \u00e9tablissement \u00e0 Paris.<\/p>\n<p>Nous croyons fermement qu\u2019en exprimant les valeurs de votre marque par une int\u00e9gration soign\u00e9e de nos vitrines r\u00e9frig\u00e9r\u00e9es, vous contribuez \u00e0 l\u2019attachement continu de vos visiteurs. Voyez ces installations comme le reflet de l\u2019engagement et de la passion que vous investissez dans chacun de vos produits et services.<\/p>\n<h3>P\u00e9rennit\u00e9 et \u00e9volutions futures<\/h3>\n<p>\u00c0 l\u2019heure o\u00f9 les tendances en mati\u00e8re de consommation \u00e9voluent rapidement, il est primordial d\u2019acqu\u00e9rir des \u00e9quipements capables de s\u2019adapter aux changements \u00e0 venir. Investir dans une vitrine r\u00e9frig\u00e9r\u00e9e <strong>sur mesure<\/strong> garantit que votre espace sera toujours pr\u00eat pour l\u2019avenir. Avec des cycles prudents de modernisation et de mise \u00e0 niveau, garantis par notre maintenance proactive, vous demeurez r\u00e9solument tourn\u00e9 vers demain.<\/p>\n<p>Enfin, consacrer son investissement \u00e0 une vitrification personnalis\u00e9e t\u00e9moigne d&rsquo;une volont\u00e9 accrue d&rsquo;ancrer votre commerce dans une dynamique actuelle, audacieuse et r\u00e9solument innovatrice. De cette fa\u00e7on, vous restez \u00e0 l&rsquo;avant-garde des d\u00e9veloppements sectoriels, anticipant les besoins futurs tout en renfor\u00e7ant la notori\u00e9t\u00e9 imm\u00e9diate de vos activit\u00e9s commerciales.<\/p>","protected":false},"excerpt":{"rendered":"<p>Sp\u00e9cialis\u00e9e dans les vitrines r\u00e9frig\u00e9r\u00e9es, notre entreprise Servizial se d\u00e9marque \u00e0 Paris par une expertise unique en conception et fabrication sur mesure. Que vous soyez traiteur, boulanger ou tout autre professionnel des m\u00e9tiers de bouche, nous comprenons que chaque point de vente a ses propres exigences. Pour cela, nous vous proposons un service qui garantit [&hellip;]<\/p>","protected":false},"author":2,"featured_media":0,"comment_status":"open","ping_status":"open","sticky":false,"template":"","format":"standard","meta":{"_acf_changed":false,"inline_featured_image":false,"footnotes":""},"categories":[52],"tags":[],"class_list":["post-4252","post","type-post","status-publish","format-standard","hentry","category-mobilier-haut-de-gamme-et-sur-mesure-paris"],"acf":[],"yoast_head":"<!-- This site is optimized with the Yoast SEO plugin v26.6 - https:\/\/yoast.com\/wordpress\/plugins\/seo\/ -->\n<title>Vitrine r\u00e9frig\u00e9r\u00e9e sur mesure \u00e0 Paris : l\u2019art de la fabrication par Servizial - Servizial<\/title>\n<meta name=\"robots\" content=\"index, follow, max-snippet:-1, max-image-preview:large, max-video-preview:-1\" \/>\n<link rel=\"canonical\" href=\"https:\/\/servizial.com\/en\/vitrine-refrigeree-sur-mesure-a-paris-lart-de-la-fabrication-par-servizial\/\" \/>\n<meta property=\"og:locale\" content=\"en_GB\" \/>\n<meta property=\"og:type\" content=\"article\" \/>\n<meta property=\"og:title\" content=\"Vitrine r\u00e9frig\u00e9r\u00e9e sur mesure \u00e0 Paris : l\u2019art de la fabrication par Servizial - Servizial\" \/>\n<meta property=\"og:description\" content=\"Sp\u00e9cialis\u00e9e dans les vitrines r\u00e9frig\u00e9r\u00e9es, notre entreprise Servizial se d\u00e9marque \u00e0 Paris par une expertise unique en conception et fabrication sur mesure. Que vous soyez traiteur, boulanger ou tout autre professionnel des m\u00e9tiers de bouche, nous comprenons que chaque point de vente a ses propres exigences. Pour cela, nous vous proposons un service qui garantit [&hellip;]\" \/>\n<meta property=\"og:url\" content=\"https:\/\/servizial.com\/en\/vitrine-refrigeree-sur-mesure-a-paris-lart-de-la-fabrication-par-servizial\/\" \/>\n<meta property=\"og:site_name\" content=\"Servizial\" \/>\n<meta property=\"article:published_time\" content=\"2025-05-19T11:41:00+00:00\" \/>\n<meta property=\"article:modified_time\" content=\"2025-10-15T09:16:58+00:00\" \/>\n<meta name=\"author\" content=\"ederic_pod\" \/>\n<meta name=\"twitter:card\" content=\"summary_large_image\" \/>\n<meta name=\"twitter:label1\" content=\"Written by\" \/>\n\t<meta name=\"twitter:data1\" content=\"ederic_pod\" \/>\n\t<meta name=\"twitter:label2\" content=\"Estimated reading time\" \/>\n\t<meta name=\"twitter:data2\" content=\"6 minutes\" \/>\n<script type=\"application\/ld+json\" class=\"yoast-schema-graph\">{\"@context\":\"https:\/\/schema.org\",\"@graph\":[{\"@type\":\"Article\",\"@id\":\"https:\/\/servizial.com\/vitrine-refrigeree-sur-mesure-a-paris-lart-de-la-fabrication-par-servizial\/#article\",\"isPartOf\":{\"@id\":\"https:\/\/servizial.com\/vitrine-refrigeree-sur-mesure-a-paris-lart-de-la-fabrication-par-servizial\/\"},\"author\":{\"name\":\"ederic_pod\",\"@id\":\"https:\/\/servizial.com\/#\/schema\/person\/0af5db9e3948bd845f1d335e5444d001\"},\"headline\":\"Vitrine r\u00e9frig\u00e9r\u00e9e sur mesure \u00e0 Paris : l\u2019art de la fabrication par Servizial\",\"datePublished\":\"2025-05-19T11:41:00+00:00\",\"dateModified\":\"2025-10-15T09:16:58+00:00\",\"mainEntityOfPage\":{\"@id\":\"https:\/\/servizial.com\/vitrine-refrigeree-sur-mesure-a-paris-lart-de-la-fabrication-par-servizial\/\"},\"wordCount\":1128,\"commentCount\":0,\"publisher\":{\"@id\":\"https:\/\/servizial.com\/#organization\"},\"articleSection\":[\"Paris\"],\"inLanguage\":\"en-GB\",\"potentialAction\":[{\"@type\":\"CommentAction\",\"name\":\"Comment\",\"target\":[\"https:\/\/servizial.com\/vitrine-refrigeree-sur-mesure-a-paris-lart-de-la-fabrication-par-servizial\/#respond\"]}]},{\"@type\":\"WebPage\",\"@id\":\"https:\/\/servizial.com\/vitrine-refrigeree-sur-mesure-a-paris-lart-de-la-fabrication-par-servizial\/\",\"url\":\"https:\/\/servizial.com\/vitrine-refrigeree-sur-mesure-a-paris-lart-de-la-fabrication-par-servizial\/\",\"name\":\"Vitrine r\u00e9frig\u00e9r\u00e9e sur mesure \u00e0 Paris : l\u2019art de la fabrication par Servizial - Servizial\",\"isPartOf\":{\"@id\":\"https:\/\/servizial.com\/#website\"},\"datePublished\":\"2025-05-19T11:41:00+00:00\",\"dateModified\":\"2025-10-15T09:16:58+00:00\",\"breadcrumb\":{\"@id\":\"https:\/\/servizial.com\/vitrine-refrigeree-sur-mesure-a-paris-lart-de-la-fabrication-par-servizial\/#breadcrumb\"},\"inLanguage\":\"en-GB\",\"potentialAction\":[{\"@type\":\"ReadAction\",\"target\":[\"https:\/\/servizial.com\/vitrine-refrigeree-sur-mesure-a-paris-lart-de-la-fabrication-par-servizial\/\"]}]},{\"@type\":\"BreadcrumbList\",\"@id\":\"https:\/\/servizial.com\/vitrine-refrigeree-sur-mesure-a-paris-lart-de-la-fabrication-par-servizial\/#breadcrumb\",\"itemListElement\":[{\"@type\":\"ListItem\",\"position\":1,\"name\":\"Accueil\",\"item\":\"https:\/\/servizial.com\/\"},{\"@type\":\"ListItem\",\"position\":2,\"name\":\"Vitrine r\u00e9frig\u00e9r\u00e9e sur mesure \u00e0 Paris : l\u2019art de la fabrication par Servizial\"}]},{\"@type\":\"WebSite\",\"@id\":\"https:\/\/servizial.com\/#website\",\"url\":\"https:\/\/servizial.com\/\",\"name\":\"Servizial\",\"description\":\"\",\"publisher\":{\"@id\":\"https:\/\/servizial.com\/#organization\"},\"potentialAction\":[{\"@type\":\"SearchAction\",\"target\":{\"@type\":\"EntryPoint\",\"urlTemplate\":\"https:\/\/servizial.com\/?s={search_term_string}\"},\"query-input\":{\"@type\":\"PropertyValueSpecification\",\"valueRequired\":true,\"valueName\":\"search_term_string\"}}],\"inLanguage\":\"en-GB\"},{\"@type\":\"Organization\",\"@id\":\"https:\/\/servizial.com\/#organization\",\"name\":\"Servizial\",\"url\":\"https:\/\/servizial.com\/\",\"logo\":{\"@type\":\"ImageObject\",\"inLanguage\":\"en-GB\",\"@id\":\"https:\/\/servizial.com\/#\/schema\/logo\/image\/\",\"url\":\"https:\/\/servizial.com\/wp-content\/uploads\/2024\/12\/image-1.svg\",\"contentUrl\":\"https:\/\/servizial.com\/wp-content\/uploads\/2024\/12\/image-1.svg\",\"width\":300,\"height\":72,\"caption\":\"Servizial\"},\"image\":{\"@id\":\"https:\/\/servizial.com\/#\/schema\/logo\/image\/\"}},{\"@type\":\"Person\",\"@id\":\"https:\/\/servizial.com\/#\/schema\/person\/0af5db9e3948bd845f1d335e5444d001\",\"name\":\"ederic_pod\",\"image\":{\"@type\":\"ImageObject\",\"inLanguage\":\"en-GB\",\"@id\":\"https:\/\/servizial.com\/#\/schema\/person\/image\/\",\"url\":\"https:\/\/secure.gravatar.com\/avatar\/c517492977735154a03259bc4c6c2a3d0651511a0357e12576d485ed913eb7d1?s=96&d=mm&r=g\",\"contentUrl\":\"https:\/\/secure.gravatar.com\/avatar\/c517492977735154a03259bc4c6c2a3d0651511a0357e12576d485ed913eb7d1?s=96&d=mm&r=g\",\"caption\":\"ederic_pod\"},\"url\":\"https:\/\/servizial.com\/en\/author\/ederic_pod\/\"}]}<\/script>\n<!-- \/ Yoast SEO plugin. -->","yoast_head_json":{"title":"Vitrine r\u00e9frig\u00e9r\u00e9e sur mesure \u00e0 Paris : l\u2019art de la fabrication par Servizial - Servizial","robots":{"index":"index","follow":"follow","max-snippet":"max-snippet:-1","max-image-preview":"max-image-preview:large","max-video-preview":"max-video-preview:-1"},"canonical":"https:\/\/servizial.com\/en\/vitrine-refrigeree-sur-mesure-a-paris-lart-de-la-fabrication-par-servizial\/","og_locale":"en_GB","og_type":"article","og_title":"Vitrine r\u00e9frig\u00e9r\u00e9e sur mesure \u00e0 Paris : l\u2019art de la fabrication par Servizial - Servizial","og_description":"Sp\u00e9cialis\u00e9e dans les vitrines r\u00e9frig\u00e9r\u00e9es, notre entreprise Servizial se d\u00e9marque \u00e0 Paris par une expertise unique en conception et fabrication sur mesure. Que vous soyez traiteur, boulanger ou tout autre professionnel des m\u00e9tiers de bouche, nous comprenons que chaque point de vente a ses propres exigences. Pour cela, nous vous proposons un service qui garantit [&hellip;]","og_url":"https:\/\/servizial.com\/en\/vitrine-refrigeree-sur-mesure-a-paris-lart-de-la-fabrication-par-servizial\/","og_site_name":"Servizial","article_published_time":"2025-05-19T11:41:00+00:00","article_modified_time":"2025-10-15T09:16:58+00:00","author":"ederic_pod","twitter_card":"summary_large_image","twitter_misc":{"Written by":"ederic_pod","Estimated reading time":"6 minutes"},"schema":{"@context":"https:\/\/schema.org","@graph":[{"@type":"Article","@id":"https:\/\/servizial.com\/vitrine-refrigeree-sur-mesure-a-paris-lart-de-la-fabrication-par-servizial\/#article","isPartOf":{"@id":"https:\/\/servizial.com\/vitrine-refrigeree-sur-mesure-a-paris-lart-de-la-fabrication-par-servizial\/"},"author":{"name":"ederic_pod","@id":"https:\/\/servizial.com\/#\/schema\/person\/0af5db9e3948bd845f1d335e5444d001"},"headline":"Vitrine r\u00e9frig\u00e9r\u00e9e sur mesure \u00e0 Paris : l\u2019art de la fabrication par Servizial","datePublished":"2025-05-19T11:41:00+00:00","dateModified":"2025-10-15T09:16:58+00:00","mainEntityOfPage":{"@id":"https:\/\/servizial.com\/vitrine-refrigeree-sur-mesure-a-paris-lart-de-la-fabrication-par-servizial\/"},"wordCount":1128,"commentCount":0,"publisher":{"@id":"https:\/\/servizial.com\/#organization"},"articleSection":["Paris"],"inLanguage":"en-GB","potentialAction":[{"@type":"CommentAction","name":"Comment","target":["https:\/\/servizial.com\/vitrine-refrigeree-sur-mesure-a-paris-lart-de-la-fabrication-par-servizial\/#respond"]}]},{"@type":"WebPage","@id":"https:\/\/servizial.com\/vitrine-refrigeree-sur-mesure-a-paris-lart-de-la-fabrication-par-servizial\/","url":"https:\/\/servizial.com\/vitrine-refrigeree-sur-mesure-a-paris-lart-de-la-fabrication-par-servizial\/","name":"Vitrine r\u00e9frig\u00e9r\u00e9e sur mesure \u00e0 Paris : l\u2019art de la fabrication par Servizial - Servizial","isPartOf":{"@id":"https:\/\/servizial.com\/#website"},"datePublished":"2025-05-19T11:41:00+00:00","dateModified":"2025-10-15T09:16:58+00:00","breadcrumb":{"@id":"https:\/\/servizial.com\/vitrine-refrigeree-sur-mesure-a-paris-lart-de-la-fabrication-par-servizial\/#breadcrumb"},"inLanguage":"en-GB","potentialAction":[{"@type":"ReadAction","target":["https:\/\/servizial.com\/vitrine-refrigeree-sur-mesure-a-paris-lart-de-la-fabrication-par-servizial\/"]}]},{"@type":"BreadcrumbList","@id":"https:\/\/servizial.com\/vitrine-refrigeree-sur-mesure-a-paris-lart-de-la-fabrication-par-servizial\/#breadcrumb","itemListElement":[{"@type":"ListItem","position":1,"name":"Accueil","item":"https:\/\/servizial.com\/"},{"@type":"ListItem","position":2,"name":"Vitrine r\u00e9frig\u00e9r\u00e9e sur mesure \u00e0 Paris : l\u2019art de la fabrication par Servizial"}]},{"@type":"WebSite","@id":"https:\/\/servizial.com\/#website","url":"https:\/\/servizial.com\/","name":"Servizial","description":"","publisher":{"@id":"https:\/\/servizial.com\/#organization"},"potentialAction":[{"@type":"SearchAction","target":{"@type":"EntryPoint","urlTemplate":"https:\/\/servizial.com\/?s={search_term_string}"},"query-input":{"@type":"PropertyValueSpecification","valueRequired":true,"valueName":"search_term_string"}}],"inLanguage":"en-GB"},{"@type":"Organization","@id":"https:\/\/servizial.com\/#organization","name":"Servizial","url":"https:\/\/servizial.com\/","logo":{"@type":"ImageObject","inLanguage":"en-GB","@id":"https:\/\/servizial.com\/#\/schema\/logo\/image\/","url":"https:\/\/servizial.com\/wp-content\/uploads\/2024\/12\/image-1.svg","contentUrl":"https:\/\/servizial.com\/wp-content\/uploads\/2024\/12\/image-1.svg","width":300,"height":72,"caption":"Servizial"},"image":{"@id":"https:\/\/servizial.com\/#\/schema\/logo\/image\/"}},{"@type":"Person","@id":"https:\/\/servizial.com\/#\/schema\/person\/0af5db9e3948bd845f1d335e5444d001","name":"ederic_pod","image":{"@type":"ImageObject","inLanguage":"en-GB","@id":"https:\/\/servizial.com\/#\/schema\/person\/image\/","url":"https:\/\/secure.gravatar.com\/avatar\/c517492977735154a03259bc4c6c2a3d0651511a0357e12576d485ed913eb7d1?s=96&d=mm&r=g","contentUrl":"https:\/\/secure.gravatar.com\/avatar\/c517492977735154a03259bc4c6c2a3d0651511a0357e12576d485ed913eb7d1?s=96&d=mm&r=g","caption":"ederic_pod"},"url":"https:\/\/servizial.com\/en\/author\/ederic_pod\/"}]}},"_links":{"self":[{"href":"https:\/\/servizial.com\/en\/wp-json\/wp\/v2\/posts\/4252","targetHints":{"allow":["GET"]}}],"collection":[{"href":"https:\/\/servizial.com\/en\/wp-json\/wp\/v2\/posts"}],"about":[{"href":"https:\/\/servizial.com\/en\/wp-json\/wp\/v2\/types\/post"}],"author":[{"embeddable":true,"href":"https:\/\/servizial.com\/en\/wp-json\/wp\/v2\/users\/2"}],"replies":[{"embeddable":true,"href":"https:\/\/servizial.com\/en\/wp-json\/wp\/v2\/comments?post=4252"}],"version-history":[{"count":1,"href":"https:\/\/servizial.com\/en\/wp-json\/wp\/v2\/posts\/4252\/revisions"}],"predecessor-version":[{"id":4253,"href":"https:\/\/servizial.com\/en\/wp-json\/wp\/v2\/posts\/4252\/revisions\/4253"}],"wp:attachment":[{"href":"https:\/\/servizial.com\/en\/wp-json\/wp\/v2\/media?parent=4252"}],"wp:term":[{"taxonomy":"category","embeddable":true,"href":"https:\/\/servizial.com\/en\/wp-json\/wp\/v2\/categories?post=4252"},{"taxonomy":"post_tag","embeddable":true,"href":"https:\/\/servizial.com\/en\/wp-json\/wp\/v2\/tags?post=4252"}],"curies":[{"name":"wp","href":"https:\/\/api.w.org\/{rel}","templated":true}]}}