{"id":4256,"date":"2025-06-23T08:42:00","date_gmt":"2025-06-23T08:42:00","guid":{"rendered":"https:\/\/servizial.com\/fabrication-sur-mesure-de-vitrine-refrigeree-a-aix-les-bains\/"},"modified":"2025-10-15T09:17:13","modified_gmt":"2025-10-15T09:17:13","slug":"fabrication-sur-mesure-de-vitrine-refrigeree-a-aix-les-bains","status":"publish","type":"post","link":"https:\/\/servizial.com\/en\/fabrication-sur-mesure-de-vitrine-refrigeree-a-aix-les-bains\/","title":{"rendered":"Fabrication sur mesure de vitrine r\u00e9frig\u00e9r\u00e9e \u00e0 aix-les-bains"},"content":{"rendered":"<p>Vous avez un projet pour votre commerce ou restaurant \u00e0 Aix-les-Bains et vous recherchez une solution de pr\u00e9sentation esth\u00e9tique et efficace ? La <strong>vitrine r\u00e9frig\u00e9r\u00e9e<\/strong> est l&rsquo;\u00e9l\u00e9ment incontournable pour mettre vos produits en valeur tout en assurant leur conservation optimale. Chez <strong>Servizial<\/strong>, nous mettons notre expertise \u00e0 votre disposition pour offrir des solutions personnalis\u00e9es adapt\u00e9es \u00e0 chaque besoin.<\/p>\n<h2>L&rsquo;importance d&rsquo;une vitrine r\u00e9frig\u00e9r\u00e9e bien con\u00e7ue<\/h2>\n<p>La qualit\u00e9 de la <strong>vitrine r\u00e9frig\u00e9r\u00e9e<\/strong> que nous proposons \u00e0 Aix-les-Bains va au-del\u00e0 du simple aspect visuel. Elle est con\u00e7ue pour maintenir une temp\u00e9rature homog\u00e8ne, essentielle pour garantir la fra\u00eecheur de vos produits. Qu&rsquo;il s&rsquo;agisse de p\u00e2tisseries, de viandes ou de plats pr\u00e9par\u00e9s, un bon <strong>mat\u00e9riel frigorifique<\/strong> doit pr\u00e9server les saveurs tout en prolongeant la dur\u00e9e de vie des produits expos\u00e9s.<\/p>\n<p>Chez nous, la <strong>fabrication sur mesure<\/strong> garantit que chaque vitrine soit adapt\u00e9e sp\u00e9cifiquement aux besoins de votre \u00e9tablissement. Que vous g\u00e9riez un petit caf\u00e9 ou un grand restaurant, le design fait main est crucial pour r\u00e9pondre ad\u00e9quatement \u00e0 votre espace et \u00e0 votre flux de clients. Avec Servizial, il n&rsquo;y a pas de compromis entre fonctionnalit\u00e9 et esth\u00e9tique.<\/p>\n<h3>Personnalisation et agencement<\/h3>\n<p>D&rsquo;un point de vue esth\u00e9tique, il est essentiel que la <strong>vitrine r\u00e9frig\u00e9r\u00e9e<\/strong> se fonde parfaitement dans le design global de votre localisation. Notre \u00e9quipe travaille en \u00e9troite collaboration avec vous pour comprendre vos exigences en mati\u00e8re de <strong>mobilier professionnel<\/strong>, garantissant que chaque \u00e9l\u00e9ment est non seulement fonctionnel, mais aussi en harmonie avec votre d\u00e9cor int\u00e9rieur.<\/p>\n<p>Gr\u00e2ce \u00e0 notre service de <strong>fabrication sur mesure<\/strong>, nous pouvons cr\u00e9er divers types de vitrines qui r\u00e9pondent aux sp\u00e9cificit\u00e9s de votre environnement. Que ce soit pour une boulangerie ou un magasin de charcuterie, nos solutions sont toujours taill\u00e9es selon vos d\u00e9sirs avec une installation sans faille dans toute la r\u00e9gion d&rsquo;Aix-les-Bains.<\/p>\n<h2>Installation et maintenance professionnelle<\/h2>\n<p>L&rsquo;<strong>installation<\/strong> correcte d&rsquo;une vitrine r\u00e9frig\u00e9r\u00e9e est primordiale pour son fonctionnement optimal. Nous veillons \u00e0 une mise en place parfaite, garantissant que toute la plomberie et la <strong>climatisation<\/strong> requises fonctionnent sans accroc et compl\u00e9mentent votre infrastructure existante. Chaque installation r\u00e9alis\u00e9e par notre \u00e9quipe assure une performance maximale et une excellente efficacit\u00e9 \u00e9nerg\u00e9tique.<\/p>\n<p>Par ailleurs, comme tout \u00e9quipement technique sophistiqu\u00e9, les vitrines r\u00e9frig\u00e9r\u00e9es n\u00e9cessitent une <strong>maintenance r\u00e9guli\u00e8re<\/strong> pour qu&rsquo;elles continuent de fonctionner efficacement au fil du temps. Nos services ne se limitent pas \u00e0 la vente et font de la maintenance une de nos priorit\u00e9s, afin que vos \u00e9quipements restent op\u00e9rationnels et s\u00fbrs.<\/p>\n<h2>Engagement envers la qualit\u00e9 et la durabilit\u00e9<\/h2>\n<p>\u00c0 Chamb\u00e9ry et Aix-les-Bains, nous avons b\u00e2ti notre r\u00e9putation sur la fiabilit\u00e9 de nos produits et notre engagement ind\u00e9fectible pour la satisfaction client. En utilisant uniquement les meilleurs mat\u00e9riaux et les techniques de construction les plus avanc\u00e9es, chaque <strong>vitrine r\u00e9frig\u00e9r\u00e9e<\/strong> issue de nos ateliers est synonyme de long\u00e9vit\u00e9 et de solidit\u00e9.<\/p>\n<p>Nous tenons \u00e0 ce que nos r\u00e9alisations respectent les normes environnementales les plus strictes. L&rsquo;objectif est de minimiser leur empreinte carbone tout en offrant des performances exceptionnelles gr\u00e2ce \u00e0 une consommation \u00e9lectrique r\u00e9duite. Choisir Servizial, c&rsquo;est opter pour une d\u00e9marche responsable qui b\u00e9n\u00e9ficie tant \u00e0 votre activit\u00e9 qu&rsquo;\u00e0 l&rsquo;\u00e9cosyst\u00e8me environnant.<\/p>\n<h2>Services complets pour accompagner votre succ\u00e8s<\/h2>\n<p>Avec Servizial, notre service ne s&rsquo;arr\u00eate pas une fois la vitrine r\u00e9frig\u00e9r\u00e9e livr\u00e9e et install\u00e9e. Bien au contraire, nous offrons un accompagnement global comprenant non seulement l&rsquo;entretien r\u00e9gulier mais aussi une assistance rapide en cas de n\u00e9cessit\u00e9. Vous pouvez donc g\u00e9rer votre entreprise en ayant la certitude que votre <strong>mat\u00e9riel frigorifique<\/strong> est entre de bonnes mains.<\/p>\n<p>Notre service client est disponible pour intervenir rapidement en cas de panne ou si des ajustements doivent \u00eatre r\u00e9alis\u00e9s afin de garantir une continuit\u00e9 optimale de service. Nous croyons fermement que la p\u00e9rennit\u00e9 de votre r\u00e9ussite passe \u00e9galement par la capacit\u00e9 de r\u00e9agir promptement aux al\u00e9as du quotidien.<\/p>\n<h2>Vitrine r\u00e9frig\u00e9r\u00e9e : votre partenaire commercial \u00e0 Aix-les-Bains<\/h2>\n<p>En choisissant une <strong>vitrine r\u00e9frig\u00e9r\u00e9e<\/strong> fabriqu\u00e9e par nous \u00e0 Aix-les-Bains, vous optez pour une solution de premier choix qui saura satisfaire m\u00eame les plus exigeants. Que ce soit pour pr\u00e9senter de mani\u00e8re attrayante ou conserver vos produits, notre savoir-faire fait de chaque conception une r\u00e9ussite commerciale sur mesure.<\/p>\n<p>Si vous envisagez de redynamiser votre espace de vente ou simplement am\u00e9liorer la pr\u00e9sentation de vos produits, n&rsquo;h\u00e9sitez pas \u00e0 faire appel \u00e0 l&rsquo;expertise de Servizial. Offrir une exp\u00e9rience unique \u00e0 vos clients n&rsquo;a jamais \u00e9t\u00e9 aussi accessible ni aussi personnalis\u00e9.<\/p>\n<h3>Rejoignez notre r\u00e9seau de partenaires satisfaits<\/h3>\n<p>Beaucoup de commer\u00e7ants et restaurateurs font d\u00e9j\u00e0 confiance \u00e0 <strong>Servizial<\/strong> pour leur fournir leurs vitrines r\u00e9frig\u00e9r\u00e9es \u00e0 Aix-les-Bains. Faites partie de ce r\u00e9seau grandissant et b\u00e9n\u00e9ficiez d&rsquo;un service et d&rsquo;une qualit\u00e9 incomparables dans le domaine du <strong>mobilier professionnel<\/strong>. Ensemble, faisons de votre vision une r\u00e9alit\u00e9 concr\u00e8te empreinte de rigueur et d&rsquo;\u00e9l\u00e9gance.<\/p>\n<p>Pour discuter de votre prochain projet ou obtenir des conseils personnalis\u00e9s, contactez-nous d\u00e8s aujourd&rsquo;hui. Notre \u00e9quipe se fera un plaisir de r\u00e9pondre \u00e0 toutes vos questions et de partager avec vous notre passion pour l&rsquo;excellence \u00e0 travers des solutions adapt\u00e9es aux attentes les plus sp\u00e9cifiques.<\/p>","protected":false},"excerpt":{"rendered":"<p>Vous avez un projet pour votre commerce ou restaurant \u00e0 Aix-les-Bains et vous recherchez une solution de pr\u00e9sentation esth\u00e9tique et efficace ? La vitrine r\u00e9frig\u00e9r\u00e9e est l&rsquo;\u00e9l\u00e9ment incontournable pour mettre vos produits en valeur tout en assurant leur conservation optimale. Chez Servizial, nous mettons notre expertise \u00e0 votre disposition pour offrir des solutions personnalis\u00e9es adapt\u00e9es [&hellip;]<\/p>","protected":false},"author":2,"featured_media":0,"comment_status":"open","ping_status":"open","sticky":false,"template":"","format":"standard","meta":{"_acf_changed":false,"inline_featured_image":false,"footnotes":""},"categories":[65],"tags":[],"class_list":["post-4256","post","type-post","status-publish","format-standard","hentry","category-mobilier-haut-de-gamme-et-sur-mesure-aix-les-bains"],"acf":[],"yoast_head":"<!-- This site is optimized with the Yoast SEO plugin v26.6 - https:\/\/yoast.com\/wordpress\/plugins\/seo\/ -->\n<title>Fabrication sur mesure de vitrine r\u00e9frig\u00e9r\u00e9e \u00e0 aix-les-bains - Servizial<\/title>\n<meta name=\"robots\" content=\"index, follow, max-snippet:-1, max-image-preview:large, max-video-preview:-1\" \/>\n<link rel=\"canonical\" href=\"https:\/\/servizial.com\/en\/fabrication-sur-mesure-de-vitrine-refrigeree-a-aix-les-bains\/\" \/>\n<meta property=\"og:locale\" content=\"en_GB\" \/>\n<meta property=\"og:type\" content=\"article\" \/>\n<meta property=\"og:title\" content=\"Fabrication sur mesure de vitrine r\u00e9frig\u00e9r\u00e9e \u00e0 aix-les-bains - Servizial\" \/>\n<meta property=\"og:description\" content=\"Vous avez un projet pour votre commerce ou restaurant \u00e0 Aix-les-Bains et vous recherchez une solution de pr\u00e9sentation esth\u00e9tique et efficace ? La vitrine r\u00e9frig\u00e9r\u00e9e est l&rsquo;\u00e9l\u00e9ment incontournable pour mettre vos produits en valeur tout en assurant leur conservation optimale. Chez Servizial, nous mettons notre expertise \u00e0 votre disposition pour offrir des solutions personnalis\u00e9es adapt\u00e9es [&hellip;]\" \/>\n<meta property=\"og:url\" content=\"https:\/\/servizial.com\/en\/fabrication-sur-mesure-de-vitrine-refrigeree-a-aix-les-bains\/\" \/>\n<meta property=\"og:site_name\" content=\"Servizial\" \/>\n<meta property=\"article:published_time\" content=\"2025-06-23T08:42:00+00:00\" \/>\n<meta property=\"article:modified_time\" content=\"2025-10-15T09:17:13+00:00\" \/>\n<meta name=\"author\" content=\"ederic_pod\" \/>\n<meta name=\"twitter:card\" content=\"summary_large_image\" \/>\n<meta name=\"twitter:label1\" content=\"Written by\" \/>\n\t<meta name=\"twitter:data1\" content=\"ederic_pod\" \/>\n\t<meta name=\"twitter:label2\" content=\"Estimated reading time\" \/>\n\t<meta name=\"twitter:data2\" content=\"5 minutes\" \/>\n<script type=\"application\/ld+json\" class=\"yoast-schema-graph\">{\"@context\":\"https:\/\/schema.org\",\"@graph\":[{\"@type\":\"Article\",\"@id\":\"https:\/\/servizial.com\/fabrication-sur-mesure-de-vitrine-refrigeree-a-aix-les-bains\/#article\",\"isPartOf\":{\"@id\":\"https:\/\/servizial.com\/fabrication-sur-mesure-de-vitrine-refrigeree-a-aix-les-bains\/\"},\"author\":{\"name\":\"ederic_pod\",\"@id\":\"https:\/\/servizial.com\/#\/schema\/person\/0af5db9e3948bd845f1d335e5444d001\"},\"headline\":\"Fabrication sur mesure de vitrine r\u00e9frig\u00e9r\u00e9e \u00e0 aix-les-bains\",\"datePublished\":\"2025-06-23T08:42:00+00:00\",\"dateModified\":\"2025-10-15T09:17:13+00:00\",\"mainEntityOfPage\":{\"@id\":\"https:\/\/servizial.com\/fabrication-sur-mesure-de-vitrine-refrigeree-a-aix-les-bains\/\"},\"wordCount\":954,\"commentCount\":0,\"publisher\":{\"@id\":\"https:\/\/servizial.com\/#organization\"},\"articleSection\":[\"Aix-les-Bains\"],\"inLanguage\":\"en-GB\",\"potentialAction\":[{\"@type\":\"CommentAction\",\"name\":\"Comment\",\"target\":[\"https:\/\/servizial.com\/fabrication-sur-mesure-de-vitrine-refrigeree-a-aix-les-bains\/#respond\"]}]},{\"@type\":\"WebPage\",\"@id\":\"https:\/\/servizial.com\/fabrication-sur-mesure-de-vitrine-refrigeree-a-aix-les-bains\/\",\"url\":\"https:\/\/servizial.com\/fabrication-sur-mesure-de-vitrine-refrigeree-a-aix-les-bains\/\",\"name\":\"Fabrication sur mesure de vitrine r\u00e9frig\u00e9r\u00e9e \u00e0 aix-les-bains - Servizial\",\"isPartOf\":{\"@id\":\"https:\/\/servizial.com\/#website\"},\"datePublished\":\"2025-06-23T08:42:00+00:00\",\"dateModified\":\"2025-10-15T09:17:13+00:00\",\"breadcrumb\":{\"@id\":\"https:\/\/servizial.com\/fabrication-sur-mesure-de-vitrine-refrigeree-a-aix-les-bains\/#breadcrumb\"},\"inLanguage\":\"en-GB\",\"potentialAction\":[{\"@type\":\"ReadAction\",\"target\":[\"https:\/\/servizial.com\/fabrication-sur-mesure-de-vitrine-refrigeree-a-aix-les-bains\/\"]}]},{\"@type\":\"BreadcrumbList\",\"@id\":\"https:\/\/servizial.com\/fabrication-sur-mesure-de-vitrine-refrigeree-a-aix-les-bains\/#breadcrumb\",\"itemListElement\":[{\"@type\":\"ListItem\",\"position\":1,\"name\":\"Accueil\",\"item\":\"https:\/\/servizial.com\/\"},{\"@type\":\"ListItem\",\"position\":2,\"name\":\"Fabrication sur mesure de vitrine r\u00e9frig\u00e9r\u00e9e \u00e0 aix-les-bains\"}]},{\"@type\":\"WebSite\",\"@id\":\"https:\/\/servizial.com\/#website\",\"url\":\"https:\/\/servizial.com\/\",\"name\":\"Servizial\",\"description\":\"\",\"publisher\":{\"@id\":\"https:\/\/servizial.com\/#organization\"},\"potentialAction\":[{\"@type\":\"SearchAction\",\"target\":{\"@type\":\"EntryPoint\",\"urlTemplate\":\"https:\/\/servizial.com\/?s={search_term_string}\"},\"query-input\":{\"@type\":\"PropertyValueSpecification\",\"valueRequired\":true,\"valueName\":\"search_term_string\"}}],\"inLanguage\":\"en-GB\"},{\"@type\":\"Organization\",\"@id\":\"https:\/\/servizial.com\/#organization\",\"name\":\"Servizial\",\"url\":\"https:\/\/servizial.com\/\",\"logo\":{\"@type\":\"ImageObject\",\"inLanguage\":\"en-GB\",\"@id\":\"https:\/\/servizial.com\/#\/schema\/logo\/image\/\",\"url\":\"https:\/\/servizial.com\/wp-content\/uploads\/2024\/12\/image-1.svg\",\"contentUrl\":\"https:\/\/servizial.com\/wp-content\/uploads\/2024\/12\/image-1.svg\",\"width\":300,\"height\":72,\"caption\":\"Servizial\"},\"image\":{\"@id\":\"https:\/\/servizial.com\/#\/schema\/logo\/image\/\"}},{\"@type\":\"Person\",\"@id\":\"https:\/\/servizial.com\/#\/schema\/person\/0af5db9e3948bd845f1d335e5444d001\",\"name\":\"ederic_pod\",\"image\":{\"@type\":\"ImageObject\",\"inLanguage\":\"en-GB\",\"@id\":\"https:\/\/servizial.com\/#\/schema\/person\/image\/\",\"url\":\"https:\/\/secure.gravatar.com\/avatar\/c517492977735154a03259bc4c6c2a3d0651511a0357e12576d485ed913eb7d1?s=96&d=mm&r=g\",\"contentUrl\":\"https:\/\/secure.gravatar.com\/avatar\/c517492977735154a03259bc4c6c2a3d0651511a0357e12576d485ed913eb7d1?s=96&d=mm&r=g\",\"caption\":\"ederic_pod\"},\"url\":\"https:\/\/servizial.com\/en\/author\/ederic_pod\/\"}]}<\/script>\n<!-- \/ Yoast SEO plugin. -->","yoast_head_json":{"title":"Fabrication sur mesure de vitrine r\u00e9frig\u00e9r\u00e9e \u00e0 aix-les-bains - Servizial","robots":{"index":"index","follow":"follow","max-snippet":"max-snippet:-1","max-image-preview":"max-image-preview:large","max-video-preview":"max-video-preview:-1"},"canonical":"https:\/\/servizial.com\/en\/fabrication-sur-mesure-de-vitrine-refrigeree-a-aix-les-bains\/","og_locale":"en_GB","og_type":"article","og_title":"Fabrication sur mesure de vitrine r\u00e9frig\u00e9r\u00e9e \u00e0 aix-les-bains - Servizial","og_description":"Vous avez un projet pour votre commerce ou restaurant \u00e0 Aix-les-Bains et vous recherchez une solution de pr\u00e9sentation esth\u00e9tique et efficace ? La vitrine r\u00e9frig\u00e9r\u00e9e est l&rsquo;\u00e9l\u00e9ment incontournable pour mettre vos produits en valeur tout en assurant leur conservation optimale. Chez Servizial, nous mettons notre expertise \u00e0 votre disposition pour offrir des solutions personnalis\u00e9es adapt\u00e9es [&hellip;]","og_url":"https:\/\/servizial.com\/en\/fabrication-sur-mesure-de-vitrine-refrigeree-a-aix-les-bains\/","og_site_name":"Servizial","article_published_time":"2025-06-23T08:42:00+00:00","article_modified_time":"2025-10-15T09:17:13+00:00","author":"ederic_pod","twitter_card":"summary_large_image","twitter_misc":{"Written by":"ederic_pod","Estimated reading time":"5 minutes"},"schema":{"@context":"https:\/\/schema.org","@graph":[{"@type":"Article","@id":"https:\/\/servizial.com\/fabrication-sur-mesure-de-vitrine-refrigeree-a-aix-les-bains\/#article","isPartOf":{"@id":"https:\/\/servizial.com\/fabrication-sur-mesure-de-vitrine-refrigeree-a-aix-les-bains\/"},"author":{"name":"ederic_pod","@id":"https:\/\/servizial.com\/#\/schema\/person\/0af5db9e3948bd845f1d335e5444d001"},"headline":"Fabrication sur mesure de vitrine r\u00e9frig\u00e9r\u00e9e \u00e0 aix-les-bains","datePublished":"2025-06-23T08:42:00+00:00","dateModified":"2025-10-15T09:17:13+00:00","mainEntityOfPage":{"@id":"https:\/\/servizial.com\/fabrication-sur-mesure-de-vitrine-refrigeree-a-aix-les-bains\/"},"wordCount":954,"commentCount":0,"publisher":{"@id":"https:\/\/servizial.com\/#organization"},"articleSection":["Aix-les-Bains"],"inLanguage":"en-GB","potentialAction":[{"@type":"CommentAction","name":"Comment","target":["https:\/\/servizial.com\/fabrication-sur-mesure-de-vitrine-refrigeree-a-aix-les-bains\/#respond"]}]},{"@type":"WebPage","@id":"https:\/\/servizial.com\/fabrication-sur-mesure-de-vitrine-refrigeree-a-aix-les-bains\/","url":"https:\/\/servizial.com\/fabrication-sur-mesure-de-vitrine-refrigeree-a-aix-les-bains\/","name":"Fabrication sur mesure de vitrine r\u00e9frig\u00e9r\u00e9e \u00e0 aix-les-bains - Servizial","isPartOf":{"@id":"https:\/\/servizial.com\/#website"},"datePublished":"2025-06-23T08:42:00+00:00","dateModified":"2025-10-15T09:17:13+00:00","breadcrumb":{"@id":"https:\/\/servizial.com\/fabrication-sur-mesure-de-vitrine-refrigeree-a-aix-les-bains\/#breadcrumb"},"inLanguage":"en-GB","potentialAction":[{"@type":"ReadAction","target":["https:\/\/servizial.com\/fabrication-sur-mesure-de-vitrine-refrigeree-a-aix-les-bains\/"]}]},{"@type":"BreadcrumbList","@id":"https:\/\/servizial.com\/fabrication-sur-mesure-de-vitrine-refrigeree-a-aix-les-bains\/#breadcrumb","itemListElement":[{"@type":"ListItem","position":1,"name":"Accueil","item":"https:\/\/servizial.com\/"},{"@type":"ListItem","position":2,"name":"Fabrication sur mesure de vitrine r\u00e9frig\u00e9r\u00e9e \u00e0 aix-les-bains"}]},{"@type":"WebSite","@id":"https:\/\/servizial.com\/#website","url":"https:\/\/servizial.com\/","name":"Servizial","description":"","publisher":{"@id":"https:\/\/servizial.com\/#organization"},"potentialAction":[{"@type":"SearchAction","target":{"@type":"EntryPoint","urlTemplate":"https:\/\/servizial.com\/?s={search_term_string}"},"query-input":{"@type":"PropertyValueSpecification","valueRequired":true,"valueName":"search_term_string"}}],"inLanguage":"en-GB"},{"@type":"Organization","@id":"https:\/\/servizial.com\/#organization","name":"Servizial","url":"https:\/\/servizial.com\/","logo":{"@type":"ImageObject","inLanguage":"en-GB","@id":"https:\/\/servizial.com\/#\/schema\/logo\/image\/","url":"https:\/\/servizial.com\/wp-content\/uploads\/2024\/12\/image-1.svg","contentUrl":"https:\/\/servizial.com\/wp-content\/uploads\/2024\/12\/image-1.svg","width":300,"height":72,"caption":"Servizial"},"image":{"@id":"https:\/\/servizial.com\/#\/schema\/logo\/image\/"}},{"@type":"Person","@id":"https:\/\/servizial.com\/#\/schema\/person\/0af5db9e3948bd845f1d335e5444d001","name":"ederic_pod","image":{"@type":"ImageObject","inLanguage":"en-GB","@id":"https:\/\/servizial.com\/#\/schema\/person\/image\/","url":"https:\/\/secure.gravatar.com\/avatar\/c517492977735154a03259bc4c6c2a3d0651511a0357e12576d485ed913eb7d1?s=96&d=mm&r=g","contentUrl":"https:\/\/secure.gravatar.com\/avatar\/c517492977735154a03259bc4c6c2a3d0651511a0357e12576d485ed913eb7d1?s=96&d=mm&r=g","caption":"ederic_pod"},"url":"https:\/\/servizial.com\/en\/author\/ederic_pod\/"}]}},"_links":{"self":[{"href":"https:\/\/servizial.com\/en\/wp-json\/wp\/v2\/posts\/4256","targetHints":{"allow":["GET"]}}],"collection":[{"href":"https:\/\/servizial.com\/en\/wp-json\/wp\/v2\/posts"}],"about":[{"href":"https:\/\/servizial.com\/en\/wp-json\/wp\/v2\/types\/post"}],"author":[{"embeddable":true,"href":"https:\/\/servizial.com\/en\/wp-json\/wp\/v2\/users\/2"}],"replies":[{"embeddable":true,"href":"https:\/\/servizial.com\/en\/wp-json\/wp\/v2\/comments?post=4256"}],"version-history":[{"count":1,"href":"https:\/\/servizial.com\/en\/wp-json\/wp\/v2\/posts\/4256\/revisions"}],"predecessor-version":[{"id":4257,"href":"https:\/\/servizial.com\/en\/wp-json\/wp\/v2\/posts\/4256\/revisions\/4257"}],"wp:attachment":[{"href":"https:\/\/servizial.com\/en\/wp-json\/wp\/v2\/media?parent=4256"}],"wp:term":[{"taxonomy":"category","embeddable":true,"href":"https:\/\/servizial.com\/en\/wp-json\/wp\/v2\/categories?post=4256"},{"taxonomy":"post_tag","embeddable":true,"href":"https:\/\/servizial.com\/en\/wp-json\/wp\/v2\/tags?post=4256"}],"curies":[{"name":"wp","href":"https:\/\/api.w.org\/{rel}","templated":true}]}}