{"id":4328,"date":"2026-04-14T11:44:00","date_gmt":"2026-04-14T11:44:00","guid":{"rendered":"https:\/\/servizial.com\/?p=4328"},"modified":"2026-03-11T09:47:40","modified_gmt":"2026-03-11T09:47:40","slug":"meuble-haut-de-gamme-pour-professionnels","status":"publish","type":"post","link":"https:\/\/servizial.com\/en\/meuble-haut-de-gamme-pour-professionnels\/","title":{"rendered":"Meuble haut de gamme pour professionnels du sud de la France"},"content":{"rendered":"<p>Le Sud de la France incarne un art de vivre mondialement reconnu. Entre les bastides de l&rsquo;arri\u00e8re-pays aixois et les \u00e9tablissements iconiques de la French Riviera, l&rsquo;exigence esth\u00e9tique ne souffre aucune approximation. Pour les \u00e9tablissements de prestige, le meuble haut de gamme pour professionnels repr\u00e9sente bien plus qu&rsquo;un simple am\u00e9nagement : il constitue le prolongement de votre identit\u00e9 de marque.<\/p>\n\n\n\n<p>Servizial, cr\u00e9ateur fran\u00e7ais de mobilier sur mesure, d\u00e9ploie son savoir-faire d&rsquo;exception de Monaco \u00e0 Aix-en-Provence, en passant par Cannes. Nous concevons des pi\u00e8ces magistrales qui r\u00e9pondent aux standards du luxe international tout en respectant l&rsquo;\u00e2me de vos espaces m\u00e9diterran\u00e9ens.<\/p>\n\n\n\n<h2 class=\"wp-block-heading\">L&rsquo;am\u00e9nagement sur mesure : Un atout strat\u00e9gique pour les professionnels du Sud<\/h2>\n\n\n\n<p>Sur la C\u00f4te d&rsquo;Azur et en Provence, la concurrence entre les <a href=\"https:\/\/servizial.com\/en\/le-mobilier-sur-mesure-dans-lhotellerie-de-luxe\/\">\u00e9tablissements de luxe<\/a> impose une qu\u00eate permanente de singularit\u00e9. Un mobilier standardis\u00e9 dilue votre image de marque. \u00c0 l&rsquo;inverse, une cr\u00e9ation sur mesure Servizial affirme votre positionnement haut de gamme.<\/p>\n\n\n\n<h3 class=\"wp-block-heading\">Une adaptation parfaite au climat m\u00e9diterran\u00e9en<\/h3>\n\n\n\n<p>Le climat du Sud de la France exige des mat\u00e9riaux d&rsquo;une qualit\u00e9 irr\u00e9prochable. Nos artisans s\u00e9lectionnent des essences de bois nobles et des finitions r\u00e9sistantes aux variations de temp\u00e9rature et \u00e0 la luminosit\u00e9 intense du littoral. Nous garantissons ainsi la long\u00e9vit\u00e9 de votre investissement.<\/p>\n\n\n\n<h3 class=\"wp-block-heading\">L&rsquo;optimisation des espaces de r\u00e9ception<\/h3>\n\n\n\n<p>Qu&rsquo;il s&rsquo;agisse d&rsquo;un h\u00f4tel de charme \u00e0 Aix-en-Provence ou d&rsquo;un <a href=\"https:\/\/servizial.com\/en\/mobilier-pour-restaurants-gastronomiques-a-lyon\/\">restaurant gastronomique<\/a> sur la Croisette \u00e0 Cannes, la configuration des lieux demande souvent une agilit\u00e9 technique. Le sur mesure permet d&rsquo;exploiter chaque recoin, de fluidifier le service et de maximiser le confort de vos clients.<\/p>\n\n\n\n<blockquote class=\"wp-block-quote is-layout-flow wp-block-quote-is-layout-flow\">\n<p><strong>Sublimez votre \u00e9tablissement d\u00e8s aujourd&rsquo;hui.<\/strong> D\u00e9couvrez nos r\u00e9alisations et <a href=\"https:\/\/servizial.com\/en\/contact\/\">contactez nos experts<\/a><\/p>\n<\/blockquote>\n\n\n\n<h2 class=\"wp-block-heading\">Les prestations Servizial : Une offre compl\u00e8te pour chaque secteur<\/h2>\n\n\n\n<p>Notre manufacture accompagne tous les acteurs du luxe dans le Sud de la France. Nous ma\u00eetrisons l&rsquo;ensemble des codes du mobilier professionnel haut de gamme pour transformer vos visions en r\u00e9alit\u00e9.<\/p>\n\n\n\n<h3 class=\"wp-block-heading\">H\u00f4tellerie de luxe et Palaces (Monaco et Cannes)<\/h3>\n\n\n\n<p>La client\u00e8le internationale des palaces de la Riviera attend une exp\u00e9rience sans couture. Nous r\u00e9alisons des t\u00eates de lit monumentales, des commodes aux finitions pr\u00e9cieuses et des consoles de r\u00e9ception qui marquent les esprits d\u00e8s l&rsquo;entr\u00e9e. \u00c0 Monaco, o\u00f9 chaque m\u00e8tre carr\u00e9 est pr\u00e9cieux, notre capacit\u00e9 \u00e0 <a href=\"https:\/\/servizial.com\/en\/\">cr\u00e9er du mobilier<\/a> intelligent et luxueux fait toute la diff\u00e9rence.<\/p>\n\n\n\n<h3 class=\"wp-block-heading\">Restauration gastronomique et Clubs de plage<\/h3>\n\n\n\n<p>De la terrasse aixoise aux plages priv\u00e9es cannoises, nous fabriquons des tables de restaurant robustes et \u00e9l\u00e9gantes, des dessertes fonctionnelles et des caves \u00e0 vin sur mesure. Nos assises combinent ergonomie parfaite et design pointu pour prolonger le plaisir de vos convives.<\/p>\n\n\n\n<h3 class=\"wp-block-heading\">Bureaux de prestige et Si\u00e8ges sociaux<\/h3>\n\n\n\n<p>Le mobilier haut de gamme s&rsquo;invite aussi dans le milieu tertiaire. Pour les si\u00e8ges sociaux ou les cabinets de conseil \u00e0 Aix-en-Provence, nous concevons des tables de r\u00e9union imposantes, des bureaux de direction en bois massif et des solutions de rangement parfaitement int\u00e9gr\u00e9es \u00e0 votre architecture int\u00e9rieure.<\/p>\n\n\n\n<h2 class=\"wp-block-heading\">Fabrication fran\u00e7aise et artisanat d&rsquo;art : La signature Servizial<\/h2>\n\n\n\n<p>Choisir Servizial, c&rsquo;est privil\u00e9gier le Made in France et un <a href=\"https:\/\/servizial.com\/en\/gamme-sur-mesure-du-mobilier-a-votre-image\/\">savoir-faire artisanal rare<\/a>. Dans une r\u00e9gion o\u00f9 le luxe rime avec authenticit\u00e9, l&rsquo;origine de votre mobilier devient un argument de poids aupr\u00e8s de votre client\u00e8le.<\/p>\n\n\n\n<ol class=\"wp-block-list\">\n<li>Conception personnalis\u00e9e : Nous dessinons chaque pi\u00e8ce selon vos contraintes et vos envies.<\/li>\n\n\n\n<li>Ma\u00eetrise des mat\u00e9riaux : Bois pr\u00e9cieux, laiton, cuir, marbre&#8230; Nous marions les textures avec audace.<\/li>\n\n\n\n<li>D\u00e9tails haute couture : Nos finitions manuelles assurent une qualit\u00e9 de toucher et un visuel incomparable.<\/li>\n<\/ol>\n\n\n\n<h2 class=\"wp-block-heading\">Un partenaire de confiance pour les architectes du Sud<\/h2>\n\n\n\n<p>Nous collaborons \u00e9troitement avec les cabinets d&rsquo;architecture d&rsquo;int\u00e9rieur les plus prestigieux de la r\u00e9gion PACA. Notre bureau d&rsquo;\u00e9tudes analyse vos projets et apporte des solutions techniques concr\u00e8tes pour la r\u00e9alisation de pi\u00e8ces complexes.<\/p>\n\n\n\n<ul class=\"wp-block-list\">\n<li>R\u00e9activit\u00e9 locale : Nos \u00e9quipes se d\u00e9placent \u00e0 Aix, Cannes ou Monaco pour des prises de c\u00f4tes pr\u00e9cises.<\/li>\n\n\n\n<li>Logistique ma\u00eetris\u00e9e : Nous g\u00e9rons la livraison et l&rsquo;installation de votre mobilier avec le plus grand soin.<\/li>\n\n\n\n<li>Suivi de chantier : Un interlocuteur unique coordonne votre projet de la premi\u00e8re esquisse \u00e0 la pose finale.<\/li>\n<\/ul>\n\n\n\n<h2 class=\"wp-block-heading\">Pourquoi choisir Servizial pour votre mobilier pro dans le 06 et le 13 ?<\/h2>\n\n\n\n<p>La force de Servizial r\u00e9side dans sa capacit\u00e9 \u00e0 fusionner l&rsquo;exigence industrielle et la finesse de l&rsquo;artisanat. Pour un professionnel situ\u00e9 \u00e0 Monaco ou \u00e0 Cannes, la fiabilit\u00e9 est aussi cruciale que l&rsquo;esth\u00e9tique.<\/p>\n\n\n\n<ul class=\"wp-block-list\">\n<li>Design exclusif : Ne poss\u00e9dez pas le mobilier de tout le monde.<\/li>\n\n\n\n<li>Durabilit\u00e9 exceptionnelle : Nos meubles r\u00e9sistent au temps et \u00e0 l&rsquo;usage intensif.<\/li>\n\n\n\n<li>Valeur ajout\u00e9e : Le mobilier sur mesure augmente la valeur per\u00e7ue de vos services.<\/li>\n<\/ul>\n\n\n\n<h2 class=\"wp-block-heading\">Cr\u00e9ez l&rsquo;exception immobili\u00e8re sur la French Riviera<\/h2>\n\n\n\n<p>Le Sud de la France reste une terre de projets d&rsquo;exception. Que vous lanciez un nouvel h\u00f4tel boutique \u00e0 Aix-en-Provence ou que vous r\u00e9noviez un yacht-club \u00e0 Monaco, le choix de vos meubles d\u00e9finit votre succ\u00e8s futur. Servizial vous apporte l&rsquo;expertise n\u00e9cessaire pour que chaque pi\u00e8ce de mobilier devienne un objet d&rsquo;admiration.<\/p>\n\n\n\n<h3 class=\"wp-block-heading\">Pr\u00eat \u00e0 transformer vos espaces professionnels ?<\/h3>\n\n\n\n<p>Le luxe ne souffre aucune attente. Nos conseillers sont \u00e0 votre disposition pour \u00e9tudier vos plans et vous proposer des solutions d&rsquo;am\u00e9nagement qui d\u00e9passeront vos esp\u00e9rances.<\/p>\n\n\n\n<p><strong>Faites de votre \u00e9tablissement une r\u00e9f\u00e9rence absolue gr\u00e2ce au savoir-faire Servizial.<\/strong><\/p>\n\n\n\n<p><a href=\"https:\/\/servizial.com\/en\/contact\/\">Demandez votre devis sur mesure en un clic<\/a><\/p>","protected":false},"excerpt":{"rendered":"<p>Le Sud de la France incarne un art de vivre mondialement reconnu. Entre les bastides de l&rsquo;arri\u00e8re-pays aixois et les \u00e9tablissements iconiques de la French Riviera, l&rsquo;exigence esth\u00e9tique ne souffre aucune approximation. Pour les \u00e9tablissements de prestige, le meuble haut de gamme pour professionnels repr\u00e9sente bien plus qu&rsquo;un simple am\u00e9nagement : il constitue le prolongement [&hellip;]<\/p>","protected":false},"author":1,"featured_media":4329,"comment_status":"open","ping_status":"open","sticky":false,"template":"","format":"standard","meta":{"_acf_changed":false,"inline_featured_image":false,"footnotes":""},"categories":[64,59,63,61,51],"tags":[],"class_list":["post-4328","post","type-post","status-publish","format-standard","has-post-thumbnail","hentry","category-mobilier-haut-de-gamme-et-sur-mesure-cannes","category-mobilier-haut-de-gamme-et-sur-mesure-monaco","category-mobilier-haut-de-gamme-et-sur-mesure-nice","category-mobilier-haut-de-gamme-et-sur-mesure-saint-tropez","category-zones-dintervention-mobilier-hait-de-gamme-sur-mesure"],"acf":[],"yoast_head":"<!-- This site is optimized with the Yoast SEO plugin v26.6 - https:\/\/yoast.com\/wordpress\/plugins\/seo\/ -->\n<title>Meuble haut de gamme pour professionnels du sud de la France - Servizial<\/title>\n<meta name=\"description\" content=\"D\u00e9couvrez nos cr\u00e9ations de meuble haut de gamme pour professionnels en Provence et sur la C\u00f4te d&#039;Azur pour votre image de marque.\" \/>\n<meta name=\"robots\" content=\"index, follow, max-snippet:-1, max-image-preview:large, max-video-preview:-1\" \/>\n<link rel=\"canonical\" href=\"https:\/\/servizial.com\/en\/meuble-haut-de-gamme-pour-professionnels\/\" \/>\n<meta property=\"og:locale\" content=\"en_GB\" \/>\n<meta property=\"og:type\" content=\"article\" \/>\n<meta property=\"og:title\" content=\"Meuble haut de gamme pour professionnels du sud de la France - Servizial\" \/>\n<meta property=\"og:description\" content=\"D\u00e9couvrez nos cr\u00e9ations de meuble haut de gamme pour professionnels en Provence et sur la C\u00f4te d&#039;Azur pour votre image de marque.\" \/>\n<meta property=\"og:url\" content=\"https:\/\/servizial.com\/en\/meuble-haut-de-gamme-pour-professionnels\/\" \/>\n<meta property=\"og:site_name\" content=\"Servizial\" \/>\n<meta property=\"article:published_time\" content=\"2026-04-14T11:44:00+00:00\" \/>\n<meta property=\"og:image\" content=\"https:\/\/servizial.com\/wp-content\/uploads\/2026\/03\/parallel-sections-light-diagonal-minimal-kitchen-scaled.jpg\" \/>\n\t<meta property=\"og:image:width\" content=\"1707\" \/>\n\t<meta property=\"og:image:height\" content=\"2560\" \/>\n\t<meta property=\"og:image:type\" content=\"image\/jpeg\" \/>\n<meta name=\"author\" content=\"admin\" \/>\n<meta name=\"twitter:card\" content=\"summary_large_image\" \/>\n<meta name=\"twitter:label1\" content=\"Written by\" \/>\n\t<meta name=\"twitter:data1\" content=\"admin\" \/>\n\t<meta name=\"twitter:label2\" content=\"Estimated reading time\" \/>\n\t<meta name=\"twitter:data2\" content=\"5 minutes\" \/>\n<script type=\"application\/ld+json\" class=\"yoast-schema-graph\">{\"@context\":\"https:\/\/schema.org\",\"@graph\":[{\"@type\":\"Article\",\"@id\":\"https:\/\/servizial.com\/meuble-haut-de-gamme-pour-professionnels\/#article\",\"isPartOf\":{\"@id\":\"https:\/\/servizial.com\/meuble-haut-de-gamme-pour-professionnels\/\"},\"author\":{\"name\":\"admin\",\"@id\":\"https:\/\/servizial.com\/#\/schema\/person\/1a2b094dd48972b0984030c319b87ade\"},\"headline\":\"Meuble haut de gamme pour professionnels du sud de la France\",\"datePublished\":\"2026-04-14T11:44:00+00:00\",\"mainEntityOfPage\":{\"@id\":\"https:\/\/servizial.com\/meuble-haut-de-gamme-pour-professionnels\/\"},\"wordCount\":957,\"commentCount\":0,\"publisher\":{\"@id\":\"https:\/\/servizial.com\/#organization\"},\"image\":{\"@id\":\"https:\/\/servizial.com\/meuble-haut-de-gamme-pour-professionnels\/#primaryimage\"},\"thumbnailUrl\":\"https:\/\/servizial.com\/wp-content\/uploads\/2026\/03\/parallel-sections-light-diagonal-minimal-kitchen-scaled.jpg\",\"articleSection\":[\"Cannes\",\"Monaco\",\"Nice\",\"Saint-Tropez\",\"Zones d'intervention\"],\"inLanguage\":\"en-GB\",\"potentialAction\":[{\"@type\":\"CommentAction\",\"name\":\"Comment\",\"target\":[\"https:\/\/servizial.com\/meuble-haut-de-gamme-pour-professionnels\/#respond\"]}]},{\"@type\":\"WebPage\",\"@id\":\"https:\/\/servizial.com\/meuble-haut-de-gamme-pour-professionnels\/\",\"url\":\"https:\/\/servizial.com\/meuble-haut-de-gamme-pour-professionnels\/\",\"name\":\"Meuble haut de gamme pour professionnels du sud de la France - Servizial\",\"isPartOf\":{\"@id\":\"https:\/\/servizial.com\/#website\"},\"primaryImageOfPage\":{\"@id\":\"https:\/\/servizial.com\/meuble-haut-de-gamme-pour-professionnels\/#primaryimage\"},\"image\":{\"@id\":\"https:\/\/servizial.com\/meuble-haut-de-gamme-pour-professionnels\/#primaryimage\"},\"thumbnailUrl\":\"https:\/\/servizial.com\/wp-content\/uploads\/2026\/03\/parallel-sections-light-diagonal-minimal-kitchen-scaled.jpg\",\"datePublished\":\"2026-04-14T11:44:00+00:00\",\"description\":\"D\u00e9couvrez nos cr\u00e9ations de meuble haut de gamme pour professionnels en Provence et sur la C\u00f4te d'Azur pour votre image de marque.\",\"breadcrumb\":{\"@id\":\"https:\/\/servizial.com\/meuble-haut-de-gamme-pour-professionnels\/#breadcrumb\"},\"inLanguage\":\"en-GB\",\"potentialAction\":[{\"@type\":\"ReadAction\",\"target\":[\"https:\/\/servizial.com\/meuble-haut-de-gamme-pour-professionnels\/\"]}]},{\"@type\":\"ImageObject\",\"inLanguage\":\"en-GB\",\"@id\":\"https:\/\/servizial.com\/meuble-haut-de-gamme-pour-professionnels\/#primaryimage\",\"url\":\"https:\/\/servizial.com\/wp-content\/uploads\/2026\/03\/parallel-sections-light-diagonal-minimal-kitchen-scaled.jpg\",\"contentUrl\":\"https:\/\/servizial.com\/wp-content\/uploads\/2026\/03\/parallel-sections-light-diagonal-minimal-kitchen-scaled.jpg\",\"width\":1707,\"height\":2560,\"caption\":\"Meuble haut de gamme pour professionnels du sud de la France\"},{\"@type\":\"BreadcrumbList\",\"@id\":\"https:\/\/servizial.com\/meuble-haut-de-gamme-pour-professionnels\/#breadcrumb\",\"itemListElement\":[{\"@type\":\"ListItem\",\"position\":1,\"name\":\"Accueil\",\"item\":\"https:\/\/servizial.com\/\"},{\"@type\":\"ListItem\",\"position\":2,\"name\":\"Meuble haut de gamme pour professionnels du sud de la France\"}]},{\"@type\":\"WebSite\",\"@id\":\"https:\/\/servizial.com\/#website\",\"url\":\"https:\/\/servizial.com\/\",\"name\":\"Servizial\",\"description\":\"\",\"publisher\":{\"@id\":\"https:\/\/servizial.com\/#organization\"},\"potentialAction\":[{\"@type\":\"SearchAction\",\"target\":{\"@type\":\"EntryPoint\",\"urlTemplate\":\"https:\/\/servizial.com\/?s={search_term_string}\"},\"query-input\":{\"@type\":\"PropertyValueSpecification\",\"valueRequired\":true,\"valueName\":\"search_term_string\"}}],\"inLanguage\":\"en-GB\"},{\"@type\":\"Organization\",\"@id\":\"https:\/\/servizial.com\/#organization\",\"name\":\"Servizial\",\"url\":\"https:\/\/servizial.com\/\",\"logo\":{\"@type\":\"ImageObject\",\"inLanguage\":\"en-GB\",\"@id\":\"https:\/\/servizial.com\/#\/schema\/logo\/image\/\",\"url\":\"https:\/\/servizial.com\/wp-content\/uploads\/2024\/12\/image-1.svg\",\"contentUrl\":\"https:\/\/servizial.com\/wp-content\/uploads\/2024\/12\/image-1.svg\",\"width\":300,\"height\":72,\"caption\":\"Servizial\"},\"image\":{\"@id\":\"https:\/\/servizial.com\/#\/schema\/logo\/image\/\"}},{\"@type\":\"Person\",\"@id\":\"https:\/\/servizial.com\/#\/schema\/person\/1a2b094dd48972b0984030c319b87ade\",\"name\":\"admin\",\"image\":{\"@type\":\"ImageObject\",\"inLanguage\":\"en-GB\",\"@id\":\"https:\/\/servizial.com\/#\/schema\/person\/image\/\",\"url\":\"https:\/\/secure.gravatar.com\/avatar\/da69e738bf17fab4a37fffeb6111125699e034fdcadb00aab1709793a1d6d0e5?s=96&d=mm&r=g\",\"contentUrl\":\"https:\/\/secure.gravatar.com\/avatar\/da69e738bf17fab4a37fffeb6111125699e034fdcadb00aab1709793a1d6d0e5?s=96&d=mm&r=g\",\"caption\":\"admin\"},\"sameAs\":[\"https:\/\/servizial.com\/\"],\"url\":\"https:\/\/servizial.com\/en\/author\/dev_zi6mlm9m\/\"}]}<\/script>\n<!-- \/ Yoast SEO plugin. -->","yoast_head_json":{"title":"Meuble haut de gamme pour professionnels du sud de la France - Servizial","description":"D\u00e9couvrez nos cr\u00e9ations de meuble haut de gamme pour professionnels en Provence et sur la C\u00f4te d'Azur pour votre image de marque.","robots":{"index":"index","follow":"follow","max-snippet":"max-snippet:-1","max-image-preview":"max-image-preview:large","max-video-preview":"max-video-preview:-1"},"canonical":"https:\/\/servizial.com\/en\/meuble-haut-de-gamme-pour-professionnels\/","og_locale":"en_GB","og_type":"article","og_title":"Meuble haut de gamme pour professionnels du sud de la France - Servizial","og_description":"D\u00e9couvrez nos cr\u00e9ations de meuble haut de gamme pour professionnels en Provence et sur la C\u00f4te d'Azur pour votre image de marque.","og_url":"https:\/\/servizial.com\/en\/meuble-haut-de-gamme-pour-professionnels\/","og_site_name":"Servizial","article_published_time":"2026-04-14T11:44:00+00:00","og_image":[{"width":1707,"height":2560,"url":"https:\/\/servizial.com\/wp-content\/uploads\/2026\/03\/parallel-sections-light-diagonal-minimal-kitchen-scaled.jpg","type":"image\/jpeg"}],"author":"admin","twitter_card":"summary_large_image","twitter_misc":{"Written by":"admin","Estimated reading time":"5 minutes"},"schema":{"@context":"https:\/\/schema.org","@graph":[{"@type":"Article","@id":"https:\/\/servizial.com\/meuble-haut-de-gamme-pour-professionnels\/#article","isPartOf":{"@id":"https:\/\/servizial.com\/meuble-haut-de-gamme-pour-professionnels\/"},"author":{"name":"admin","@id":"https:\/\/servizial.com\/#\/schema\/person\/1a2b094dd48972b0984030c319b87ade"},"headline":"Meuble haut de gamme pour professionnels du sud de la France","datePublished":"2026-04-14T11:44:00+00:00","mainEntityOfPage":{"@id":"https:\/\/servizial.com\/meuble-haut-de-gamme-pour-professionnels\/"},"wordCount":957,"commentCount":0,"publisher":{"@id":"https:\/\/servizial.com\/#organization"},"image":{"@id":"https:\/\/servizial.com\/meuble-haut-de-gamme-pour-professionnels\/#primaryimage"},"thumbnailUrl":"https:\/\/servizial.com\/wp-content\/uploads\/2026\/03\/parallel-sections-light-diagonal-minimal-kitchen-scaled.jpg","articleSection":["Cannes","Monaco","Nice","Saint-Tropez","Zones d'intervention"],"inLanguage":"en-GB","potentialAction":[{"@type":"CommentAction","name":"Comment","target":["https:\/\/servizial.com\/meuble-haut-de-gamme-pour-professionnels\/#respond"]}]},{"@type":"WebPage","@id":"https:\/\/servizial.com\/meuble-haut-de-gamme-pour-professionnels\/","url":"https:\/\/servizial.com\/meuble-haut-de-gamme-pour-professionnels\/","name":"Meuble haut de gamme pour professionnels du sud de la France - Servizial","isPartOf":{"@id":"https:\/\/servizial.com\/#website"},"primaryImageOfPage":{"@id":"https:\/\/servizial.com\/meuble-haut-de-gamme-pour-professionnels\/#primaryimage"},"image":{"@id":"https:\/\/servizial.com\/meuble-haut-de-gamme-pour-professionnels\/#primaryimage"},"thumbnailUrl":"https:\/\/servizial.com\/wp-content\/uploads\/2026\/03\/parallel-sections-light-diagonal-minimal-kitchen-scaled.jpg","datePublished":"2026-04-14T11:44:00+00:00","description":"D\u00e9couvrez nos cr\u00e9ations de meuble haut de gamme pour professionnels en Provence et sur la C\u00f4te d'Azur pour votre image de marque.","breadcrumb":{"@id":"https:\/\/servizial.com\/meuble-haut-de-gamme-pour-professionnels\/#breadcrumb"},"inLanguage":"en-GB","potentialAction":[{"@type":"ReadAction","target":["https:\/\/servizial.com\/meuble-haut-de-gamme-pour-professionnels\/"]}]},{"@type":"ImageObject","inLanguage":"en-GB","@id":"https:\/\/servizial.com\/meuble-haut-de-gamme-pour-professionnels\/#primaryimage","url":"https:\/\/servizial.com\/wp-content\/uploads\/2026\/03\/parallel-sections-light-diagonal-minimal-kitchen-scaled.jpg","contentUrl":"https:\/\/servizial.com\/wp-content\/uploads\/2026\/03\/parallel-sections-light-diagonal-minimal-kitchen-scaled.jpg","width":1707,"height":2560,"caption":"Meuble haut de gamme pour professionnels du sud de la France"},{"@type":"BreadcrumbList","@id":"https:\/\/servizial.com\/meuble-haut-de-gamme-pour-professionnels\/#breadcrumb","itemListElement":[{"@type":"ListItem","position":1,"name":"Accueil","item":"https:\/\/servizial.com\/"},{"@type":"ListItem","position":2,"name":"Meuble haut de gamme pour professionnels du sud de la France"}]},{"@type":"WebSite","@id":"https:\/\/servizial.com\/#website","url":"https:\/\/servizial.com\/","name":"Servizial","description":"","publisher":{"@id":"https:\/\/servizial.com\/#organization"},"potentialAction":[{"@type":"SearchAction","target":{"@type":"EntryPoint","urlTemplate":"https:\/\/servizial.com\/?s={search_term_string}"},"query-input":{"@type":"PropertyValueSpecification","valueRequired":true,"valueName":"search_term_string"}}],"inLanguage":"en-GB"},{"@type":"Organization","@id":"https:\/\/servizial.com\/#organization","name":"Servizial","url":"https:\/\/servizial.com\/","logo":{"@type":"ImageObject","inLanguage":"en-GB","@id":"https:\/\/servizial.com\/#\/schema\/logo\/image\/","url":"https:\/\/servizial.com\/wp-content\/uploads\/2024\/12\/image-1.svg","contentUrl":"https:\/\/servizial.com\/wp-content\/uploads\/2024\/12\/image-1.svg","width":300,"height":72,"caption":"Servizial"},"image":{"@id":"https:\/\/servizial.com\/#\/schema\/logo\/image\/"}},{"@type":"Person","@id":"https:\/\/servizial.com\/#\/schema\/person\/1a2b094dd48972b0984030c319b87ade","name":"admin","image":{"@type":"ImageObject","inLanguage":"en-GB","@id":"https:\/\/servizial.com\/#\/schema\/person\/image\/","url":"https:\/\/secure.gravatar.com\/avatar\/da69e738bf17fab4a37fffeb6111125699e034fdcadb00aab1709793a1d6d0e5?s=96&d=mm&r=g","contentUrl":"https:\/\/secure.gravatar.com\/avatar\/da69e738bf17fab4a37fffeb6111125699e034fdcadb00aab1709793a1d6d0e5?s=96&d=mm&r=g","caption":"admin"},"sameAs":["https:\/\/servizial.com\/"],"url":"https:\/\/servizial.com\/en\/author\/dev_zi6mlm9m\/"}]}},"_links":{"self":[{"href":"https:\/\/servizial.com\/en\/wp-json\/wp\/v2\/posts\/4328","targetHints":{"allow":["GET"]}}],"collection":[{"href":"https:\/\/servizial.com\/en\/wp-json\/wp\/v2\/posts"}],"about":[{"href":"https:\/\/servizial.com\/en\/wp-json\/wp\/v2\/types\/post"}],"author":[{"embeddable":true,"href":"https:\/\/servizial.com\/en\/wp-json\/wp\/v2\/users\/1"}],"replies":[{"embeddable":true,"href":"https:\/\/servizial.com\/en\/wp-json\/wp\/v2\/comments?post=4328"}],"version-history":[{"count":1,"href":"https:\/\/servizial.com\/en\/wp-json\/wp\/v2\/posts\/4328\/revisions"}],"predecessor-version":[{"id":4330,"href":"https:\/\/servizial.com\/en\/wp-json\/wp\/v2\/posts\/4328\/revisions\/4330"}],"wp:featuredmedia":[{"embeddable":true,"href":"https:\/\/servizial.com\/en\/wp-json\/wp\/v2\/media\/4329"}],"wp:attachment":[{"href":"https:\/\/servizial.com\/en\/wp-json\/wp\/v2\/media?parent=4328"}],"wp:term":[{"taxonomy":"category","embeddable":true,"href":"https:\/\/servizial.com\/en\/wp-json\/wp\/v2\/categories?post=4328"},{"taxonomy":"post_tag","embeddable":true,"href":"https:\/\/servizial.com\/en\/wp-json\/wp\/v2\/tags?post=4328"}],"curies":[{"name":"wp","href":"https:\/\/api.w.org\/{rel}","templated":true}]}}